{"id":5867,"date":"2020-06-04T11:06:09","date_gmt":"2020-06-04T14:06:09","guid":{"rendered":"http:\/\/dgospel.com.br\/portal\/?p=5867"},"modified":"2020-06-04T11:06:10","modified_gmt":"2020-06-04T14:06:10","slug":"cantora-gospel-fabiana-anastacio-morre-de-covid-19","status":"publish","type":"post","link":"https:\/\/dgospel.com.br\/portal\/index.php\/2020\/06\/04\/cantora-gospel-fabiana-anastacio-morre-de-covid-19\/","title":{"rendered":"Cantora gospel Fabiana Anast\u00e1cio morre de Covid-19"},"content":{"rendered":"\n<p>A cantora de m\u00fasica gospel&nbsp;<strong>Fabiana Anast\u00e1cio<\/strong>&nbsp;morreu\nnesta quinta-feira (4), aos 45 anos, ap\u00f3s passar alguns dias internada em um\nhospital em S\u00e3o Paulo. Ela foi&nbsp;<a href=\"https:\/\/revistamarieclaire.globo.com\/Beleza\/noticia\/2020\/05\/coronavirus-8-duvidas-comuns-sobre-o-uso-de-mascaras-na-pandemia.html\"><strong>diagnosticada com\nCovid-19<\/strong><\/a>&nbsp;e estava internada na Unidad de Terapia Intensiva\n(UTI).&nbsp;A not\u00edcia foi comunicada por&nbsp;<strong>Felipe Anast\u00e1cio<\/strong>,\nirm\u00e3o da cantora, nas redes sociais.<\/p>\n\n\n\n<p>&#8220;<strong>Deus decidiu levar, nossa irm\u00e3 e segunda m\u00e3e (Fabiana Anastacio\nNascimento) para os seus bra\u00e7os. Obrigado a todos pelas ora\u00e7\u00f5es, ao longo do\ndia ser\u00e1 postado mais informa\u00e7\u00f5es<\/strong>&#8220;, escreveu&nbsp;ele nesta manh\u00e3.&nbsp;<\/p>\n\n\n\n<p>Na noite anterior a equipe havia publicado uma nota com informa\u00e7\u00f5es\nsobre o quadro de sa\u00fade da cantora. &#8220;<strong>Ela continua na UTI do hospital\naqui em S\u00e3o Paulo. Seu quadro geral ainda \u00e9 est\u00e1vel mas com um pouco de\ndificuldade pra respirar. Lembrando que essa dificuldade tem a ver com seu\npeso, ou seja, a recupera\u00e7\u00e3o toda tem a tend\u00eancia de ser mais lenta por\ncausa disso<\/strong>. Continuamos em ora\u00e7\u00e3o e contando com essa corrente de\nora\u00e7\u00e3o que se espalhou pelo Brasil e outros pa\u00edses. Assim que tivermos mais\nnot\u00edcias vamos informando por aqui, n\u00f3s cremos no milagre, se voc\u00ea tamb\u00e9m\ncr\u00ea, se junte a n\u00f3s!&#8221;, dizia o comunicado.<\/p>\n\n\n\n<p>O marido da cantora, o pastor&nbsp;<strong>Ruben Nascimento<\/strong>,\ntamb\u00e9m foi diagnosticado com a Covid-19, mas apresentou sintomas mais leves e\nfoi liberado do hospital. Na semana passada a&nbsp;fam\u00edlia criou uma vaquinha\npara ajudar a custear o tratamento da cantora.<\/p>\n\n\n\n<p>Fabiana \u00e9 um nome conhecido na m\u00fasica gospel, tendo as m\u00fasicas&nbsp;<em>Sou Eu<\/em>&nbsp;e&nbsp;<em>Adorarei<\/em>&nbsp;entre\nas mais populares. Ela soma mais de 1,1 milh\u00e3o de seguidores nas redes sociais.<\/p>\n","protected":false},"excerpt":{"rendered":"<p>A cantora de m\u00fasica gospel&nbsp;Fabiana Anast\u00e1cio&nbsp;morreu nesta quinta-feira (4), aos 45 anos, ap\u00f3s passar alguns dias internada em um hospital em S\u00e3o Paulo. Ela foi&nbsp;diagnosticada com Covid-19&nbsp;e estava internada na Unidad de Terapia Intensiva (UTI).&nbsp;A not\u00edcia foi comunicada por&nbsp;Felipe Anast\u00e1cio, irm\u00e3o da cantora, nas redes sociais. &#8220;Deus decidiu levar, nossa irm\u00e3 e segunda m\u00e3e (Fabiana [&hellip;]<\/p>\n","protected":false},"author":2,"featured_media":5868,"comment_status":"open","ping_status":"open","sticky":false,"template":"","format":"standard","meta":[],"categories":[5,6],"tags":[],"_links":{"self":[{"href":"https:\/\/dgospel.com.br\/portal\/index.php\/wp-json\/wp\/v2\/posts\/5867"}],"collection":[{"href":"https:\/\/dgospel.com.br\/portal\/index.php\/wp-json\/wp\/v2\/posts"}],"about":[{"href":"https:\/\/dgospel.com.br\/portal\/index.php\/wp-json\/wp\/v2\/types\/post"}],"author":[{"embeddable":true,"href":"https:\/\/dgospel.com.br\/portal\/index.php\/wp-json\/wp\/v2\/users\/2"}],"replies":[{"embeddable":true,"href":"https:\/\/dgospel.com.br\/portal\/index.php\/wp-json\/wp\/v2\/comments?post=5867"}],"version-history":[{"count":1,"href":"https:\/\/dgospel.com.br\/portal\/index.php\/wp-json\/wp\/v2\/posts\/5867\/revisions"}],"predecessor-version":[{"id":5869,"href":"https:\/\/dgospel.com.br\/portal\/index.php\/wp-json\/wp\/v2\/posts\/5867\/revisions\/5869"}],"wp:featuredmedia":[{"embeddable":true,"href":"https:\/\/dgospel.com.br\/portal\/index.php\/wp-json\/wp\/v2\/media\/5868"}],"wp:attachment":[{"href":"https:\/\/dgospel.com.br\/portal\/index.php\/wp-json\/wp\/v2\/media?parent=5867"}],"wp:term":[{"taxonomy":"category","embeddable":true,"href":"https:\/\/dgospel.com.br\/portal\/index.php\/wp-json\/wp\/v2\/categories?post=5867"},{"taxonomy":"post_tag","embeddable":true,"href":"https:\/\/dgospel.com.br\/portal\/index.php\/wp-json\/wp\/v2\/tags?post=5867"}],"curies":[{"name":"wp","href":"https:\/\/api.w.org\/{rel}","templated":true}]}}