{"id":587,"date":"2018-06-19T11:08:32","date_gmt":"2018-06-19T14:08:32","guid":{"rendered":"http:\/\/dgospel.com.br\/portal\/?p=587"},"modified":"2018-06-19T11:08:32","modified_gmt":"2018-06-19T14:08:32","slug":"em-colinas-vicentinho-anuncia-interiorizacao-da-unitins-e-criacao-da-secretaria-da-juventude","status":"publish","type":"post","link":"https:\/\/dgospel.com.br\/portal\/index.php\/2018\/06\/19\/em-colinas-vicentinho-anuncia-interiorizacao-da-unitins-e-criacao-da-secretaria-da-juventude\/","title":{"rendered":"Em Colinas, Vicentinho anuncia interioriza\u00e7\u00e3o da Unitins e cria\u00e7\u00e3o da Secretaria da Juventude"},"content":{"rendered":"<div>Candidato a governador pelo PR garante que levar\u00e1 universidade estadual para o interior e que vai transformar a Diretoria da Juventude em secretaria, sem aumentar gastos<\/div>\n<div><\/div>\n<div>Senador e candidato a governador na elei\u00e7\u00e3o suplementar do dia 24 de junho, Vicentinho Alves (PR) anunciou, neste s\u00e1bado, 16 de junho, em Colinas, que a sua gest\u00e3o vai levar a Unitins (universidade Estadual do Tocantins) para o interior do Estado e ir\u00e1 transformar a atual Diretoria da Juventude em secretaria, dando mais espa\u00e7os para as pol\u00edticas p\u00fablicas para a juventude, mas sem precisar aumentar custos.<\/div>\n<div>\nO an\u00fancio foi feito em reuni\u00e3o com a juventude na casa do vereador Washington Aires (PR), presidente da C\u00e2mara Municipal da cidade. O encontro contou com a presen\u00e7a de dezenas de jovens, al\u00e9m de v\u00e1rios l\u00edderes pol\u00edticos, como Gideon do Assa\u00ed, Lucas Moreira, Fernanda Paula, Canhoto da Patrol e o ex-prefeito Jos\u00e9 Santana.<\/div>\n<div>\nAo discursar, Vicentinho ressaltou que a Unitins \u201cn\u00e3o pode ser uma universidade encastelada em Palmas. \u201cTemos que levar a institui\u00e7\u00e3o para o interior, trazer cursos bons para a popula\u00e7\u00e3o de Colinas\u201d, frisou o candidato.<br \/>\nA proposta de Vicentinho agradou aos jovens presentes, com alguns deles elogiando a iniciativa de levar a Unitins para o interior do Estado. Em rela\u00e7\u00e3o a Secretaria da Juventude, Vicentinho destacou que a pasta, inclusive, ter\u00e1 um representante de Colinas.<\/div>\n","protected":false},"excerpt":{"rendered":"<p>Candidato a governador pelo PR garante que levar\u00e1 universidade estadual para o interior e que vai transformar a Diretoria da Juventude em secretaria, sem aumentar gastos Senador e candidato a governador na elei\u00e7\u00e3o suplementar do dia 24 de junho, Vicentinho Alves (PR) anunciou, neste s\u00e1bado, 16 de junho, em Colinas, que a sua gest\u00e3o vai [&hellip;]<\/p>\n","protected":false},"author":2,"featured_media":588,"comment_status":"open","ping_status":"open","sticky":false,"template":"","format":"standard","meta":[],"categories":[2,4],"tags":[],"_links":{"self":[{"href":"https:\/\/dgospel.com.br\/portal\/index.php\/wp-json\/wp\/v2\/posts\/587"}],"collection":[{"href":"https:\/\/dgospel.com.br\/portal\/index.php\/wp-json\/wp\/v2\/posts"}],"about":[{"href":"https:\/\/dgospel.com.br\/portal\/index.php\/wp-json\/wp\/v2\/types\/post"}],"author":[{"embeddable":true,"href":"https:\/\/dgospel.com.br\/portal\/index.php\/wp-json\/wp\/v2\/users\/2"}],"replies":[{"embeddable":true,"href":"https:\/\/dgospel.com.br\/portal\/index.php\/wp-json\/wp\/v2\/comments?post=587"}],"version-history":[{"count":1,"href":"https:\/\/dgospel.com.br\/portal\/index.php\/wp-json\/wp\/v2\/posts\/587\/revisions"}],"predecessor-version":[{"id":589,"href":"https:\/\/dgospel.com.br\/portal\/index.php\/wp-json\/wp\/v2\/posts\/587\/revisions\/589"}],"wp:featuredmedia":[{"embeddable":true,"href":"https:\/\/dgospel.com.br\/portal\/index.php\/wp-json\/wp\/v2\/media\/588"}],"wp:attachment":[{"href":"https:\/\/dgospel.com.br\/portal\/index.php\/wp-json\/wp\/v2\/media?parent=587"}],"wp:term":[{"taxonomy":"category","embeddable":true,"href":"https:\/\/dgospel.com.br\/portal\/index.php\/wp-json\/wp\/v2\/categories?post=587"},{"taxonomy":"post_tag","embeddable":true,"href":"https:\/\/dgospel.com.br\/portal\/index.php\/wp-json\/wp\/v2\/tags?post=587"}],"curies":[{"name":"wp","href":"https:\/\/api.w.org\/{rel}","templated":true}]}}