{"id":5876,"date":"2020-06-05T10:47:58","date_gmt":"2020-06-05T13:47:58","guid":{"rendered":"http:\/\/dgospel.com.br\/portal\/?p=5876"},"modified":"2020-06-05T10:49:01","modified_gmt":"2020-06-05T13:49:01","slug":"em-palmas-5317-dos-casos-positivos-foram-recuperados-da-covid-19","status":"publish","type":"post","link":"https:\/\/dgospel.com.br\/portal\/index.php\/2020\/06\/05\/em-palmas-5317-dos-casos-positivos-foram-recuperados-da-covid-19\/","title":{"rendered":"Em Palmas, 53,17% dos casos positivos foram recuperados da Covid-19"},"content":{"rendered":"\n<p>Em Palmas, 369 pessoas j\u00e1 se recuperaram da Covid-19, o que corresponde a 53,2% do total de 694 casos confirmados na Capital at\u00e9 o momento.&nbsp; Os dados divulgados pelo Centro de Opera\u00e7\u00f5es de Emerg\u00eancia em Sa\u00fade (COE Palmas Covid-19) apontam que no Munic\u00edpio h\u00e1 294 (44,1%) pacientes em isolamento domiciliar e dez internados (1,5%).&nbsp;<\/p>\n\n\n\n<p><br>As informa\u00e7\u00f5es do COE apontam tamb\u00e9m que em Palmas foram feitas 6.420 notifica\u00e7\u00f5es de s\u00edndrome gripal, desse n\u00famero, 2.963 casos deram negativo para o novo coronav\u00edrus.<\/p>\n\n\n\n<p>Para a diretora de Vigil\u00e2ncia em Sa\u00fade da Secretaria Municipal da Sa\u00fade (Semus), Marta Malheiros, a expectativa \u00e9 que essa estat\u00edstica de recuperados cres\u00e7a ainda mais na Capital. \u201c\u00c9 importante ter este n\u00famero maior de recuperados do que os que est\u00e3o em monitoramento. Mas esperamos que mais pessoas possam se curar da doen\u00e7a e seguir tranquilamente suas vidas\u201d.<\/p>\n\n\n\n<p>De acordo com a pneumologista da Funda\u00e7\u00e3o Oswaldo Cruz (Fiocruz) Patr\u00edcia Canto, para grande parte desses recuperados, os sintomas da Covid-19 ter\u00e3o ficado no passado, por\u00e9m, para uma parcela deles, ainda ser\u00e1 preciso acompanhamento profissional. Segundo ela, pacientes que tiveram poucos sintomas, com um quadro parecido com um resfriado ou uma gripe, se recuperam bem e n\u00e3o costumam ter nenhum problema depois desses 14 dias. \u201cOs pacientes com quadro mais moderado n\u00e3o saem dos 14 dias e voltam ao normal. Eles t\u00eam recebido alta e procurado os servi\u00e7os de sa\u00fade novamente, ainda em recupera\u00e7\u00e3o, muitos com uma sensa\u00e7\u00e3o de cansa\u00e7o, ainda sem conseguir voltar \u00e0s suas atividades normais. Muitos ainda apresentam falta de ar.\u201d<\/p>\n\n\n\n<p>Conforme a Ag\u00eancia Brasil, a pneumologista explicou que os casos moderados s\u00e3o aqueles em que houve interna\u00e7\u00e3o sem a necessidade de leitos de unidade de terapia intensiva (UTI). A m\u00e9dica destaca que a comunidade cient\u00edfica ainda busca respostas sobre a dura\u00e7\u00e3o dessas limita\u00e7\u00f5es p\u00f3s-interna\u00e7\u00e3o, j\u00e1 que a pandemia ainda \u00e9 recente. \u201cRelatos da China indicam que pessoas sa\u00edram de alta com algum grau de fibrose pulmonar, com cicatrizes. A gente n\u00e3o sabe se isso \u00e9 definitivo e em que grau isso vai comprometer a capacidade respirat\u00f3ria das pessoas\u201d.<\/p>\n\n\n\n<p>A especialista tamb\u00e9m observou que as consequ\u00eancias mais s\u00e9rias t\u00eam sido observadas em pacientes que desenvolvem os quadros graves do v\u00edrus. \u201cNesse caso, as complica\u00e7\u00f5es muitas vezes v\u00e3o al\u00e9m do pulm\u00e3o durante a interna\u00e7\u00e3o, com insufici\u00eancia renal e problemas de coagula\u00e7\u00e3o. Esses v\u00e3o ter um per\u00edodo muito mais longo de recupera\u00e7\u00e3o\u201d.<\/p>\n","protected":false},"excerpt":{"rendered":"<p>Em Palmas, 369 pessoas j\u00e1 se recuperaram da Covid-19, o que corresponde a 53,2% do total de 694 casos confirmados na Capital at\u00e9 o momento.&nbsp; Os dados divulgados pelo Centro de Opera\u00e7\u00f5es de Emerg\u00eancia em Sa\u00fade (COE Palmas Covid-19) apontam que no Munic\u00edpio h\u00e1 294 (44,1%) pacientes em isolamento domiciliar e dez internados (1,5%).&nbsp; As [&hellip;]<\/p>\n","protected":false},"author":2,"featured_media":5877,"comment_status":"open","ping_status":"open","sticky":false,"template":"","format":"standard","meta":[],"categories":[3],"tags":[],"_links":{"self":[{"href":"https:\/\/dgospel.com.br\/portal\/index.php\/wp-json\/wp\/v2\/posts\/5876"}],"collection":[{"href":"https:\/\/dgospel.com.br\/portal\/index.php\/wp-json\/wp\/v2\/posts"}],"about":[{"href":"https:\/\/dgospel.com.br\/portal\/index.php\/wp-json\/wp\/v2\/types\/post"}],"author":[{"embeddable":true,"href":"https:\/\/dgospel.com.br\/portal\/index.php\/wp-json\/wp\/v2\/users\/2"}],"replies":[{"embeddable":true,"href":"https:\/\/dgospel.com.br\/portal\/index.php\/wp-json\/wp\/v2\/comments?post=5876"}],"version-history":[{"count":2,"href":"https:\/\/dgospel.com.br\/portal\/index.php\/wp-json\/wp\/v2\/posts\/5876\/revisions"}],"predecessor-version":[{"id":5879,"href":"https:\/\/dgospel.com.br\/portal\/index.php\/wp-json\/wp\/v2\/posts\/5876\/revisions\/5879"}],"wp:featuredmedia":[{"embeddable":true,"href":"https:\/\/dgospel.com.br\/portal\/index.php\/wp-json\/wp\/v2\/media\/5877"}],"wp:attachment":[{"href":"https:\/\/dgospel.com.br\/portal\/index.php\/wp-json\/wp\/v2\/media?parent=5876"}],"wp:term":[{"taxonomy":"category","embeddable":true,"href":"https:\/\/dgospel.com.br\/portal\/index.php\/wp-json\/wp\/v2\/categories?post=5876"},{"taxonomy":"post_tag","embeddable":true,"href":"https:\/\/dgospel.com.br\/portal\/index.php\/wp-json\/wp\/v2\/tags?post=5876"}],"curies":[{"name":"wp","href":"https:\/\/api.w.org\/{rel}","templated":true}]}}