{"id":5880,"date":"2020-06-05T11:20:53","date_gmt":"2020-06-05T14:20:53","guid":{"rendered":"http:\/\/dgospel.com.br\/portal\/?p=5880"},"modified":"2020-06-05T11:20:55","modified_gmt":"2020-06-05T14:20:55","slug":"bolsonaro-vai-fazer-live-com-pastores-em-oracao-pelo-brasil","status":"publish","type":"post","link":"https:\/\/dgospel.com.br\/portal\/index.php\/2020\/06\/05\/bolsonaro-vai-fazer-live-com-pastores-em-oracao-pelo-brasil\/","title":{"rendered":"Bolsonaro vai fazer live com pastores em ora\u00e7\u00e3o pelo Brasil"},"content":{"rendered":"\n<p> O presidente Jair Bolsonaro e diversos l\u00edderes religiosos v\u00e3o se reunir nesta sexta-feira (5), \u00e0s 16h pelo hor\u00e1rio de Bras\u00edlia, em uma live especial. Na programa\u00e7\u00e3o, est\u00e1 prevista uma ora\u00e7\u00e3o, entre o l\u00edder do Executivo e pastores, por autoridades e pelo povo brasileiro. <\/p>\n\n\n\n<p> Segundo o pastor Silas Malafaia, que est\u00e1 organizando a transmiss\u00e3o do clamor, outros 11 pastores v\u00e3o participar do momento de ora\u00e7\u00e3o. No v\u00eddeo em que convidou as pessoas para assistir a live, Malafaia ressaltou que o ato n\u00e3o \u00e9 pol\u00edtico e que tem como um dos motivos evitar que o caos prevale\u00e7a no pa\u00eds. <\/p>\n\n\n\n<p>\u2013 O caos n\u00e3o vai prevalecer, a desgra\u00e7a n\u00e3o vai prevalecer no Brasil, a bagun\u00e7a, a desordem e a mis\u00e9ria. N\u00f3s vamos ter um tempo de ben\u00e7\u00e3o sobre a na\u00e7\u00e3o brasileira \u2013 disse.<\/p>\n\n\n\n<p>Aos interessados em assistir a programa\u00e7\u00e3o, a live estar\u00e1 dispon\u00edvel nos perfis de Malafaia no&nbsp;<a href=\"https:\/\/www.youtube.com\/user\/SilasMalafaiaOficial\" target=\"_blank\" rel=\"noreferrer noopener\">YouTube<\/a>,&nbsp;<a href=\"https:\/\/www.facebook.com\/SilasMalafaia\/\" target=\"_blank\" rel=\"noreferrer noopener\">Facebook<\/a>&nbsp;e&nbsp;<a href=\"https:\/\/www.instagram.com\/silasmalafaia\/\" target=\"_blank\" rel=\"noreferrer noopener\">Instagram<\/a>&nbsp;a partir das 16h.<\/p>\n","protected":false},"excerpt":{"rendered":"<p>O presidente Jair Bolsonaro e diversos l\u00edderes religiosos v\u00e3o se reunir nesta sexta-feira (5), \u00e0s 16h pelo hor\u00e1rio de Bras\u00edlia, em uma live especial. Na programa\u00e7\u00e3o, est\u00e1 prevista uma ora\u00e7\u00e3o, entre o l\u00edder do Executivo e pastores, por autoridades e pelo povo brasileiro. Segundo o pastor Silas Malafaia, que est\u00e1 organizando a transmiss\u00e3o do clamor, [&hellip;]<\/p>\n","protected":false},"author":2,"featured_media":5881,"comment_status":"open","ping_status":"open","sticky":false,"template":"","format":"standard","meta":[],"categories":[5,4],"tags":[],"_links":{"self":[{"href":"https:\/\/dgospel.com.br\/portal\/index.php\/wp-json\/wp\/v2\/posts\/5880"}],"collection":[{"href":"https:\/\/dgospel.com.br\/portal\/index.php\/wp-json\/wp\/v2\/posts"}],"about":[{"href":"https:\/\/dgospel.com.br\/portal\/index.php\/wp-json\/wp\/v2\/types\/post"}],"author":[{"embeddable":true,"href":"https:\/\/dgospel.com.br\/portal\/index.php\/wp-json\/wp\/v2\/users\/2"}],"replies":[{"embeddable":true,"href":"https:\/\/dgospel.com.br\/portal\/index.php\/wp-json\/wp\/v2\/comments?post=5880"}],"version-history":[{"count":1,"href":"https:\/\/dgospel.com.br\/portal\/index.php\/wp-json\/wp\/v2\/posts\/5880\/revisions"}],"predecessor-version":[{"id":5882,"href":"https:\/\/dgospel.com.br\/portal\/index.php\/wp-json\/wp\/v2\/posts\/5880\/revisions\/5882"}],"wp:featuredmedia":[{"embeddable":true,"href":"https:\/\/dgospel.com.br\/portal\/index.php\/wp-json\/wp\/v2\/media\/5881"}],"wp:attachment":[{"href":"https:\/\/dgospel.com.br\/portal\/index.php\/wp-json\/wp\/v2\/media?parent=5880"}],"wp:term":[{"taxonomy":"category","embeddable":true,"href":"https:\/\/dgospel.com.br\/portal\/index.php\/wp-json\/wp\/v2\/categories?post=5880"},{"taxonomy":"post_tag","embeddable":true,"href":"https:\/\/dgospel.com.br\/portal\/index.php\/wp-json\/wp\/v2\/tags?post=5880"}],"curies":[{"name":"wp","href":"https:\/\/api.w.org\/{rel}","templated":true}]}}