{"id":5883,"date":"2020-06-05T11:25:40","date_gmt":"2020-06-05T14:25:40","guid":{"rendered":"http:\/\/dgospel.com.br\/portal\/?p=5883"},"modified":"2020-06-05T11:25:41","modified_gmt":"2020-06-05T14:25:41","slug":"bolsonaro-inaugura-primeiro-hospital-de-campanha-federal","status":"publish","type":"post","link":"https:\/\/dgospel.com.br\/portal\/index.php\/2020\/06\/05\/bolsonaro-inaugura-primeiro-hospital-de-campanha-federal\/","title":{"rendered":"Bolsonaro inaugura primeiro hospital de campanha federal"},"content":{"rendered":"\n<p> O presidente Jair Bolsonaro inaugurou na manh\u00e3 desta sexta-feira (5), o primeiro hospital de campanha constru\u00eddo pelo governo federal. O centro m\u00e9dico provis\u00f3rio, que fica na cidade de \u00c1guas Lindas de Goi\u00e1s, no estado de Goi\u00e1s, ter\u00e1 capacidade para 200 leitos e inaugurar\u00e1 com 60 vagas para pacientes transferidos de outras unidades. <\/p>\n\n\n\n<p> A unidade, que foi anunciada no dia 7 de abril e entregue no dia 23 do mesmo m\u00eas, custou R$ 10 milh\u00f5es aos cofres federais. Ap\u00f3s a entrega, o local ser\u00e1 gerido pelo governo de Goi\u00e1s, que contratou uma organiza\u00e7\u00e3o social (OS) para administrar o hospital a um custo de R$ 7,6 milh\u00f5es por m\u00eas. <\/p>\n\n\n\n<p>Al\u00e9m da constru\u00e7\u00e3o, o governo federal tamb\u00e9m vai arcar com o aluguel e manuten\u00e7\u00e3o da estrutura f\u00edsica do local. Durante sua fala, o presidente Jair Bolsonaro destacou as decis\u00f5es tomadas pelo governo para diminuir os impactos causados pela pandemia, especialmente na \u00e1rea econ\u00f4mica.<\/p>\n\n\n\n<p>\u2013 Esperamos que a roda da economia volte a girar rapidamente, [pois] n\u00f3s sabemos que quando a taxa de desemprego cresce, a viol\u00eancia aumenta. N\u00f3s esperamos que essa quest\u00e3o do v\u00edrus se atenue rapidamente, de modo que o com\u00e9rcio volte a funcionar e o efeito do combate \u00e0 pandemia n\u00e3o seja mais danoso que o v\u00edrus em si \u2013 disse.<\/p>\n\n\n\n<p>Bolsonaro tamb\u00e9m falou sobre a manifesta\u00e7\u00e3o de grupos violentos nos \u00faltimos dias que, segundo ele, s\u00e3o \u201cmarginais e terroristas querendo se movimentar para quebrar o Brasil\u201d.<\/p>\n\n\n\n<p>\u2013 Geralmente s\u00e3o marginais, terroristas, maconheiros e desocupados, que n\u00e3o sabem o que \u00e9 economia, n\u00e3o sabem o que \u00e9 trabalhar para ganhar o p\u00e3o de cada dia. E querem quebrar o Brasil em nome de uma democracia que eles nunca souberam o que \u00e9 e nunca zelaram por ela \u2013 completou.<\/p>\n\n\n\n<p>Fonte: pleno.news<\/p>\n","protected":false},"excerpt":{"rendered":"<p>O presidente Jair Bolsonaro inaugurou na manh\u00e3 desta sexta-feira (5), o primeiro hospital de campanha constru\u00eddo pelo governo federal. O centro m\u00e9dico provis\u00f3rio, que fica na cidade de \u00c1guas Lindas de Goi\u00e1s, no estado de Goi\u00e1s, ter\u00e1 capacidade para 200 leitos e inaugurar\u00e1 com 60 vagas para pacientes transferidos de outras unidades. A unidade, que [&hellip;]<\/p>\n","protected":false},"author":2,"featured_media":5884,"comment_status":"open","ping_status":"open","sticky":false,"template":"","format":"standard","meta":[],"categories":[6,4],"tags":[],"_links":{"self":[{"href":"https:\/\/dgospel.com.br\/portal\/index.php\/wp-json\/wp\/v2\/posts\/5883"}],"collection":[{"href":"https:\/\/dgospel.com.br\/portal\/index.php\/wp-json\/wp\/v2\/posts"}],"about":[{"href":"https:\/\/dgospel.com.br\/portal\/index.php\/wp-json\/wp\/v2\/types\/post"}],"author":[{"embeddable":true,"href":"https:\/\/dgospel.com.br\/portal\/index.php\/wp-json\/wp\/v2\/users\/2"}],"replies":[{"embeddable":true,"href":"https:\/\/dgospel.com.br\/portal\/index.php\/wp-json\/wp\/v2\/comments?post=5883"}],"version-history":[{"count":1,"href":"https:\/\/dgospel.com.br\/portal\/index.php\/wp-json\/wp\/v2\/posts\/5883\/revisions"}],"predecessor-version":[{"id":5885,"href":"https:\/\/dgospel.com.br\/portal\/index.php\/wp-json\/wp\/v2\/posts\/5883\/revisions\/5885"}],"wp:featuredmedia":[{"embeddable":true,"href":"https:\/\/dgospel.com.br\/portal\/index.php\/wp-json\/wp\/v2\/media\/5884"}],"wp:attachment":[{"href":"https:\/\/dgospel.com.br\/portal\/index.php\/wp-json\/wp\/v2\/media?parent=5883"}],"wp:term":[{"taxonomy":"category","embeddable":true,"href":"https:\/\/dgospel.com.br\/portal\/index.php\/wp-json\/wp\/v2\/categories?post=5883"},{"taxonomy":"post_tag","embeddable":true,"href":"https:\/\/dgospel.com.br\/portal\/index.php\/wp-json\/wp\/v2\/tags?post=5883"}],"curies":[{"name":"wp","href":"https:\/\/api.w.org\/{rel}","templated":true}]}}