{"id":5887,"date":"2020-06-05T18:12:24","date_gmt":"2020-06-05T21:12:24","guid":{"rendered":"http:\/\/dgospel.com.br\/portal\/?p=5887"},"modified":"2020-06-05T18:12:26","modified_gmt":"2020-06-05T21:12:26","slug":"bolsonaro-participa-de-oracao-pelas-autoridades-e-pelo-povo-brasileiro","status":"publish","type":"post","link":"https:\/\/dgospel.com.br\/portal\/index.php\/2020\/06\/05\/bolsonaro-participa-de-oracao-pelas-autoridades-e-pelo-povo-brasileiro\/","title":{"rendered":"Bolsonaro participa de ora\u00e7\u00e3o pelas autoridades e pelo povo brasileiro"},"content":{"rendered":"\n<p>O presidente Jair Bolsonaro participou, \u00e0s 16h\ndesta sexta-feira (5), de uma transmiss\u00e3o ao vivo em que l\u00edderes religiosos\nfazem uma ora\u00e7\u00e3o pela vida das autoridades do pa\u00eds e tamb\u00e9m pelo povo\nbrasileiro.<\/p>\n\n\n\n<p>O pastor Silas Malafaia \u00e9 o autor da iniciativa comandou o\nmomento de ora\u00e7\u00e3o. Entre os convidados est\u00e3o o bispo R. R. Soares, o bispo\nEduardo Bravo e o ap\u00f3stolo Estevam Hernandes, pastor Vitor Hugo.<\/p>\n\n\n\n<p>Atendendo a pedido de Malafaia,\nBravo orou pelas autoridades do Judici\u00e1rio.<\/p>\n\n\n\n<p>\u2013 Pedimos pelas autoridades do\nSupremo Tribunal Federal e por todas autoridades do judici\u00e1rio do Brasil, para\nque atrav\u00e9s deles seja feita Justi\u00e7a para seu povo. Que o sol da justi\u00e7a brilhe\nsobre essa na\u00e7\u00e3o e sobre o presidente, para que a popula\u00e7\u00e3o desse pa\u00eds possa\ngozar de uma vida digna \u2013 clamou Bravo.<\/p>\n\n\n\n<p>O pastor Vitor Hugo clamou pelos trabalhadores e pelo povo atingido pela pandemia e que passam por dificuldades.<\/p>\n\n\n\n<figure class=\"wp-block-embed-youtube wp-block-embed is-type-video is-provider-youtube wp-embed-aspect-16-9 wp-has-aspect-ratio\"><div class=\"wp-block-embed__wrapper\">\n<iframe loading=\"lazy\" title=\"[AO VIVO] - ORA\u00c7\u00c3O EM FAVOR DO BRASIL COM A PRESEN\u00c7A DO PRESIDENTE BOLSONARO E L\u00cdDERES EVANG\u00c9LICOS\" width=\"630\" height=\"354\" src=\"https:\/\/www.youtube.com\/embed\/Fhn9-bLRxi0?feature=oembed\" frameborder=\"0\" allow=\"accelerometer; autoplay; encrypted-media; gyroscope; picture-in-picture\" allowfullscreen><\/iframe>\n<\/div><\/figure>\n\n\n\n<p>\u2013 Esta m\u00e3e, este pai, este\ntrabalhador, este empres\u00e1rio, n\u00f3s clamamos a ti por cada um. Que a boa m\u00e3o do\nSenhor esteja entendida sobre essa na\u00e7\u00e3o, sobre o povo do Senhor. E que este\npovo possa receber a visita\u00e7\u00e3o do Senhor, trazendo sabedoria, discernimento e\nprovis\u00e3o \u2013 pediu o pastor.<\/p>\n\n\n\n<p>O pastor Abner Ferreira falou\nsobre a harmonia entre os poderes e disse que todos devem caminhar pelo\n\u201cinteresse do Brasil\u201d. Direcionado a Bolsonaro, Ferreira citou os textos de\nJosu\u00e9 1:7 a Josu\u00e9 1:9.<\/p>\n\n\n\n<p>\u2013 Somente seja forte e muito\ncorajoso! Tenha o cuidado de obedecer a toda a lei que o meu servo Mois\u00e9s lhe\nordenou; n\u00e3o se desvie dela, nem para a direita nem para a esquerda, para que\nvoc\u00ea seja bem sucedido por onde quer que andar. N\u00e3o deixe de falar as palavras\ndeste Livro da Lei e de meditar nelas de dia e de noite, para que voc\u00ea cumpra\nfielmente tudo o que nele est\u00e1 escrito. S\u00f3 ent\u00e3o os seus caminhos prosperar\u00e3o e\nvoc\u00ea ser\u00e1 bem sucedido. N\u00e3o fui eu que lhe ordenei? Seja forte e corajoso! N\u00e3o\nse apavore, nem se desanime, pois o Senhor, o seu Deus, estar\u00e1 com voc\u00ea por\nonde voc\u00ea andar.<\/p>\n\n\n\n<p>Antes de encerrar, o pastor Silas\nMalafaia toma a palavra e profetiza sobre o futuro do Brasil. Ele afirma\nnovamente que o \u201co caos\u201d n\u00e3o se instalar\u00e1 no pa\u00eds.<\/p>\n\n\n\n<p>\u2013 Existem milh\u00f5es de brasileiros\norando por esse pa\u00eds. Esse pa\u00eds n\u00e3o vai ser Venezuela, n\u00e3o vai ser destru\u00eddo\npor ningu\u00e9m, n\u00e3o vai falir. Tem milh\u00f5es de pessoas orando. Deus vai\nsurpreender, confundir, vai deixar todo mundo sem entender \u201ccomo o pa\u00eds saiu\ndisso\u201d. Todos os inimigos dessa na\u00e7\u00e3o, todos os planos escondidos, Deus vai\ntrazer a tona. V\u00e3o ser confundidos, envergonhados, v\u00e3o cair por terra! Eu\ndeclaro em nome de Jesus que est\u00e3o vindo tempos de paz e de prosperidade. N\u00f3s\ntemos uma arma que nem o Ex\u00e9rcito e nem a pol\u00edcia tem que e a ora\u00e7\u00e3o. [\u2026] V\u00e3o\ncair por terra esse principado que pensa em destruir o pa\u00eds, convuls\u00e3o\ninstitucional e social. Somos milh\u00f5es que cremos h\u00e1 um Deus no c\u00e9u e que toda\nautoridade constitu\u00edda \u00e9 permiss\u00e3o de Deus. Ele p\u00f5e e Ele tira, n\u00e3o \u00e9 jogo\ncorrupto de homem que vai por gan\u00e2ncia e por poderes escusos que vai trazer\ncaos para essa na\u00e7\u00e3o \u2013 afirmou.<\/p>\n","protected":false},"excerpt":{"rendered":"<p>O presidente Jair Bolsonaro participou, \u00e0s 16h desta sexta-feira (5), de uma transmiss\u00e3o ao vivo em que l\u00edderes religiosos fazem uma ora\u00e7\u00e3o pela vida das autoridades do pa\u00eds e tamb\u00e9m pelo povo brasileiro. O pastor Silas Malafaia \u00e9 o autor da iniciativa comandou o momento de ora\u00e7\u00e3o. Entre os convidados est\u00e3o o bispo R. R. [&hellip;]<\/p>\n","protected":false},"author":2,"featured_media":5888,"comment_status":"open","ping_status":"open","sticky":false,"template":"","format":"standard","meta":[],"categories":[5,4],"tags":[],"_links":{"self":[{"href":"https:\/\/dgospel.com.br\/portal\/index.php\/wp-json\/wp\/v2\/posts\/5887"}],"collection":[{"href":"https:\/\/dgospel.com.br\/portal\/index.php\/wp-json\/wp\/v2\/posts"}],"about":[{"href":"https:\/\/dgospel.com.br\/portal\/index.php\/wp-json\/wp\/v2\/types\/post"}],"author":[{"embeddable":true,"href":"https:\/\/dgospel.com.br\/portal\/index.php\/wp-json\/wp\/v2\/users\/2"}],"replies":[{"embeddable":true,"href":"https:\/\/dgospel.com.br\/portal\/index.php\/wp-json\/wp\/v2\/comments?post=5887"}],"version-history":[{"count":1,"href":"https:\/\/dgospel.com.br\/portal\/index.php\/wp-json\/wp\/v2\/posts\/5887\/revisions"}],"predecessor-version":[{"id":5889,"href":"https:\/\/dgospel.com.br\/portal\/index.php\/wp-json\/wp\/v2\/posts\/5887\/revisions\/5889"}],"wp:featuredmedia":[{"embeddable":true,"href":"https:\/\/dgospel.com.br\/portal\/index.php\/wp-json\/wp\/v2\/media\/5888"}],"wp:attachment":[{"href":"https:\/\/dgospel.com.br\/portal\/index.php\/wp-json\/wp\/v2\/media?parent=5887"}],"wp:term":[{"taxonomy":"category","embeddable":true,"href":"https:\/\/dgospel.com.br\/portal\/index.php\/wp-json\/wp\/v2\/categories?post=5887"},{"taxonomy":"post_tag","embeddable":true,"href":"https:\/\/dgospel.com.br\/portal\/index.php\/wp-json\/wp\/v2\/tags?post=5887"}],"curies":[{"name":"wp","href":"https:\/\/api.w.org\/{rel}","templated":true}]}}