{"id":5890,"date":"2020-06-05T18:35:35","date_gmt":"2020-06-05T21:35:35","guid":{"rendered":"http:\/\/dgospel.com.br\/portal\/?p=5890"},"modified":"2020-06-05T18:35:37","modified_gmt":"2020-06-05T21:35:37","slug":"medidas-de-enfrentamento-a-covid-19-e-anuncio-do-retorno-do-ano-letivo-marcam-a-semana-do-governador-mauro-carlesse","status":"publish","type":"post","link":"https:\/\/dgospel.com.br\/portal\/index.php\/2020\/06\/05\/medidas-de-enfrentamento-a-covid-19-e-anuncio-do-retorno-do-ano-letivo-marcam-a-semana-do-governador-mauro-carlesse\/","title":{"rendered":"Medidas de enfrentamento \u00e0 Covid-19 e an\u00fancio do retorno do ano letivo marcam a semana do governador Mauro Carlesse"},"content":{"rendered":"\n<p>A primeira semana de junho foi marcada por uma s\u00e9rie de a\u00e7\u00f5es e an\u00fancios feitos pelo governador do Estado do Tocantins, Mauro Carlesse, que impactar\u00e3o positivamente a popula\u00e7\u00e3o do Estado, trazendo benef\u00edcios em diversas \u00e1reas como sa\u00fade, educa\u00e7\u00e3o e economia.<\/p>\n\n\n\n<p>Na segunda-feira, 1\u00ba de junho, o governador Mauro Carlesse anunciou que o Governo do Tocantins se prepara para entregar 433 novos \u00f4nibus escolares que v\u00e3o atender alunos dos 139 munic\u00edpios. Mais de 200 j\u00e1 se encontram na Pra\u00e7a dos Girass\u00f3is, em Palmas, seguindo os tr\u00e2mites administrativos para formaliza\u00e7\u00e3o de cess\u00e3o, circula\u00e7\u00e3o e patrim\u00f4nio; outros 99 ve\u00edculos j\u00e1 est\u00e3o na fase montagem na f\u00e1brica e 114 est\u00e3o sendo fabricados.&nbsp;<\/p>\n\n\n\n<p>Os recursos investidos na aquisi\u00e7\u00e3o dos novos \u00f4nibus s\u00e3o oriundos de emendas parlamentares da bancada federal, mais aporte de recursos do deputado federal Carlos Gaguim e do senador Eduardo Gomes, totalizando R$ 86,5 milh\u00f5es. \u201cGra\u00e7as a mais uma parceria com os nossos parlamentares, adquirimos esses novos ve\u00edculos para atender os estudantes de todos os nossos munic\u00edpios. Sabemos da realidade do nosso povo, que nem todos moram perto da escola e, portanto, precisam desse transporte. Agora ter\u00e3o mais conforto e seguran\u00e7a nesse trajeto, contribuindo tamb\u00e9m para o seu aprendizado\u201d, afirma&nbsp;o governador Mauro Carlesse.<\/p>\n\n\n\n<p><strong>Enfrentamento \u00e0 Covid-19<\/strong><\/p>\n\n\n\n<p>Tamb\u00e9m na segunda-feira, o governador Mauro Carlesse determinou o envio de dez respiradores ao Hospital Regional de Augustin\u00f3polis (HRA), regi\u00e3o do Bico do Papagaio, para atender os pacientes acometidos pela Covid-19 que necessitarem do aparelho. As unidades fazem parte do lote de 20&nbsp;respiradores obtidos pelo Estado junto ao Minist\u00e9rio da Sa\u00fade (MS).<\/p>\n\n\n\n<p>O envio dos novos respiradores ao Tocantins contou mais uma vez com o apoio da bancada federal, novamente lembrada pelo governador Mauro Carlesse. &#8220;Quero destacar o empenho de toda a nossa bancada, mas em especial do senador Eduardo Gomes e o deputado federal Carlos Gaguim. \u00c9 importante que a gente possa contar com esse apoio em um momento cr\u00edtico e que precisamos de solu\u00e7\u00f5es r\u00e1pidas\u201d, agradece.<\/p>\n\n\n\n<p>Ainda na segunda-feira, durante reuni\u00e3o por videoconfer\u00eancia do Comit\u00ea de Crise para Preven\u00e7\u00e3o do novo Coronav\u00edrus, foi anunciado que os profissionais da rede p\u00fablica de sa\u00fade do Tocantins, que est\u00e3o ligados \u00e0s unidades de sa\u00fade no combate \u00e0 Covid-19, v\u00e3o receber uma compensa\u00e7\u00e3o financeira. A medida j\u00e1 est\u00e1 sendo formatada pela Casa Civil e dever\u00e1 ser enviada \u00e0 Assembleia Legislativa (AL\/TO), para aprecia\u00e7\u00e3o e vota\u00e7\u00e3o dos deputados, o mais r\u00e1pido poss\u00edvel.<\/p>\n\n\n\n<p>Al\u00e9m disso, o Governo do Tocantins est\u00e1 trabalhando para fortalecer a rede de assist\u00eancia \u00e0 sa\u00fade e instalar mais 38 leitos de UTI-Covid: dez no Hospital Regional de Augustin\u00f3polis, 20 no Instituto Sinai de Aragua\u00edna e outros oito no Hospital Regional da cidade. Os equipamentos para a montagem destes novos oito leitos j\u00e1 foram enviados para Aragua\u00edna.&nbsp;Atualmente, o Estado conta com 139 leitos cl\u00ednicos e 54 leitos de UTI-Covid.&nbsp;<\/p>\n\n\n\n<p>\u201cIsso sem falar que temos mantido em dia os repasses fundo a fundo para todos os 139 munic\u00edpios. S\u00e3o mais de R$ 14 milh\u00f5es at\u00e9 junho deste ano. Dessa forma, a gest\u00e3o fortalece os munic\u00edpios com recursos que os ajudam a organizar suas a\u00e7\u00f5es de enfrentamento \u00e0 pandemia, diminuindo o impacto na rede de sa\u00fade estadual\u201d, afirma&nbsp;o Governador.<\/p>\n\n\n\n<p><strong>Responsabiliza\u00e7\u00e3o<\/strong><\/p>\n\n\n\n<p>J\u00e1 na quarta-feira, 3, com foco na transpar\u00eancia e seguran\u00e7a nos processos de aquisi\u00e7\u00e3o feitos pelo Governo do Tocantins, o governador Mauro Carlesse regulamentou por meio do Decreto 6.105, publicado na mesma data, o processo administrativo para responsabilizar empresas que praticarem atos lesivos contra a administra\u00e7\u00e3o p\u00fablica estadual. O processo de apura\u00e7\u00e3o de danos pode resultar em multa e restri\u00e7\u00e3o quanto a celebrar novos contratos ou participar de licita\u00e7\u00f5es com Estado, Uni\u00e3o e munic\u00edpios.<\/p>\n\n\n\n<p><strong>Volta \u00e0s aulas<\/strong><\/p>\n\n\n\n<p>Nessa quinta-feira, 4, a Secretaria de Estado da Educa\u00e7\u00e3o, Juventude e Esportes (Seduc) anunciou o retorno do ano letivo de 2020, com aulas n\u00e3o presenciais de 29 de junho a 31 de julho para os alunos do 3\u00ba ano do ensino m\u00e9dio, e presenciais a partir de 3 de agosto, de forma gradual, para todos alunos rede, devendo o ano letivo se encerrar no dia 31 de janeiro de 2021. As aulas est\u00e3o suspensas no Tocantins desde mar\u00e7o deste ano, como medida preventiva \u00e0 pandemia da Covid-19.<\/p>\n\n\n\n<p>A secret\u00e1ria de Educa\u00e7\u00e3o, Adriana Aguiar, destacou que a retomada \u00e9 uma determina\u00e7\u00e3o do governador Mauro Carlesse, assegurando o cumprimento de todas as normas de sa\u00fade e seguran\u00e7a aos alunos e profissionais da educa\u00e7\u00e3o, observando ainda a situa\u00e7\u00e3o epidemiol\u00f3gica do Estado.<\/p>\n\n\n\n<p>\u201c\u00c9 preciso que fique muito claro que, mesmo com todas estas medidas previstas, o retorno das atividades presenciais no in\u00edcio de agosto depender\u00e1 da situa\u00e7\u00e3o epidemiol\u00f3gica no Estado. Asseguramos o direito dos estudantes \u00e0 educa\u00e7\u00e3o, mas n\u00e3o podemos perder de vista que cuidar da sa\u00fade e da vida \u00e9 o principal neste momento de pandemia\u201d, conclui&nbsp;a secret\u00e1ria.<\/p>\n","protected":false},"excerpt":{"rendered":"<p>A primeira semana de junho foi marcada por uma s\u00e9rie de a\u00e7\u00f5es e an\u00fancios feitos pelo governador do Estado do Tocantins, Mauro Carlesse, que impactar\u00e3o positivamente a popula\u00e7\u00e3o do Estado, trazendo benef\u00edcios em diversas \u00e1reas como sa\u00fade, educa\u00e7\u00e3o e economia. Na segunda-feira, 1\u00ba de junho, o governador Mauro Carlesse anunciou que o Governo do Tocantins [&hellip;]<\/p>\n","protected":false},"author":2,"featured_media":5891,"comment_status":"open","ping_status":"open","sticky":false,"template":"","format":"standard","meta":[],"categories":[4],"tags":[],"_links":{"self":[{"href":"https:\/\/dgospel.com.br\/portal\/index.php\/wp-json\/wp\/v2\/posts\/5890"}],"collection":[{"href":"https:\/\/dgospel.com.br\/portal\/index.php\/wp-json\/wp\/v2\/posts"}],"about":[{"href":"https:\/\/dgospel.com.br\/portal\/index.php\/wp-json\/wp\/v2\/types\/post"}],"author":[{"embeddable":true,"href":"https:\/\/dgospel.com.br\/portal\/index.php\/wp-json\/wp\/v2\/users\/2"}],"replies":[{"embeddable":true,"href":"https:\/\/dgospel.com.br\/portal\/index.php\/wp-json\/wp\/v2\/comments?post=5890"}],"version-history":[{"count":1,"href":"https:\/\/dgospel.com.br\/portal\/index.php\/wp-json\/wp\/v2\/posts\/5890\/revisions"}],"predecessor-version":[{"id":5892,"href":"https:\/\/dgospel.com.br\/portal\/index.php\/wp-json\/wp\/v2\/posts\/5890\/revisions\/5892"}],"wp:featuredmedia":[{"embeddable":true,"href":"https:\/\/dgospel.com.br\/portal\/index.php\/wp-json\/wp\/v2\/media\/5891"}],"wp:attachment":[{"href":"https:\/\/dgospel.com.br\/portal\/index.php\/wp-json\/wp\/v2\/media?parent=5890"}],"wp:term":[{"taxonomy":"category","embeddable":true,"href":"https:\/\/dgospel.com.br\/portal\/index.php\/wp-json\/wp\/v2\/categories?post=5890"},{"taxonomy":"post_tag","embeddable":true,"href":"https:\/\/dgospel.com.br\/portal\/index.php\/wp-json\/wp\/v2\/tags?post=5890"}],"curies":[{"name":"wp","href":"https:\/\/api.w.org\/{rel}","templated":true}]}}