{"id":5896,"date":"2020-06-08T16:45:56","date_gmt":"2020-06-08T19:45:56","guid":{"rendered":"http:\/\/dgospel.com.br\/portal\/?p=5896"},"modified":"2020-06-08T16:45:57","modified_gmt":"2020-06-08T19:45:57","slug":"governo-do-tocantins-apresenta-raio-x-da-pandemia-da-covid-19-no-estado","status":"publish","type":"post","link":"https:\/\/dgospel.com.br\/portal\/index.php\/2020\/06\/08\/governo-do-tocantins-apresenta-raio-x-da-pandemia-da-covid-19-no-estado\/","title":{"rendered":"Governo do Tocantins apresenta raio-x da pandemia da Covid-19 no Estado"},"content":{"rendered":"\n<p>Um levantamento realizado com base nos dados do Centro de Informa\u00e7\u00f5es Estrat\u00e9gicas de Vigil\u00e2ncia em Sa\u00fade (Cievs\/TO), analisados entre o dia 18 de mar\u00e7o (quando foi confirmado o primeiro caso de Covid-19 no Estado) e 7 de junho deste ano, mostrou o desenvolvimento da pandemia da Covid-19 no Tocantins. Neste per\u00edodo, o Estado apresentou 5.644 casos confirmados da doen\u00e7a, 99 \u00f3bitos, tendo uma incid\u00eancia de 358,83 por grupo de 100 mil habitantes e um \u00edndice de letalidade de 1,7%.<\/p>\n\n\n\n<p>Do total de casos confirmados, 2.477 est\u00e3o recuperados (44%), 3.068 em isolamento (domiciliar e hospitalar) e 121 hospitalizados, sendo 71 em leitos cl\u00ednicos (41 em leitos p\u00fablicos e 30 em leitos privados) e 50 em Unidade de Tratamento Intensiva (UTI) Covid (37 em leitos p\u00fablicos e 13 em leitos privados).<\/p>\n\n\n\n<p>De acordo com o levantamento, os homens (50,4%) foram mais infectados que as mulheres (49,6%) no Tocantins. A faixa et\u00e1ria que mais registrou casos do novo v\u00edrus foi a de 30 a 39 anos (1.479 casos), seguida pela de 20 a 29 anos (1.292), de 40 a 49 anos (1.073), de 50 a 59 anos (612), de 10 a 19 anos (390), de 60 a 69 anos (343), de 0 a 9 anos (199), de 70 a 79 anos (166), e acima de 80 anos (90).<\/p>\n\n\n\n<p>J\u00e1 em rela\u00e7\u00e3o aos \u00f3bitos, as faixas et\u00e1rias de 60 a 69 anos e a acima de 80 anos empataram na primeira posi\u00e7\u00e3o do ranking com 22 mortes cada. Elas s\u00e3o seguidas pela faixa de 70 a 79 anos (19 mortes), de 50 a 59 (16), de 40 a 49 (13), de 30 a 39 (5) e de 20 a 29 anos (2). N\u00e3o foi registrado nenhum \u00f3bito no p\u00fablico de 0 a 9 anos e de 10 a 19 anos.<\/p>\n\n\n\n<p>O pico de casos no Tocantins, registrado no per\u00edodo do levantamento, ocorreu no dia 29 de maio, quando foram confirmadas 334 pessoas infectadas pela Covid-19. De 18 de mar\u00e7o at\u00e9 o dia 7 de junho, o Tocantins teve uma m\u00e9dia di\u00e1ria de 80,62 casos da doen\u00e7a. Destes, 69,5% foram confirmados por meio de exame RT-PCR, 29,7% por teste r\u00e1pido e 2,8% \u2018n\u00e3o informado\u2019 na plataformado Cievs\/Tocantins.<\/p>\n\n\n\n<p><strong>Munic\u00edpios com mais casos e \u00f3bitos<\/strong><\/p>\n\n\n\n<p>Em n\u00fameros de casos confirmados, os munic\u00edpios que se destacam nas primeiras 10 posi\u00e7\u00f5es s\u00e3o:Aragua\u00edna (2.347), Palmas (793), Xambio\u00e1 (227), Nova Olinda (158), Tocantin\u00f3polis (158), Para\u00edso (150), Darcin\u00f3polis (136), Gurupi (127), Colinas (118), e Araguatins (97).<\/p>\n\n\n\n<p>Quando comparado o ranking por mortes nos munic\u00edpios tocantinenses, as cidades que mais registraram \u00f3bitos s\u00e3o&nbsp;Aragua\u00edna (23), Araguatins (13), Palmas (8), Para\u00edso (6), Gurupi (4), S\u00e3o Miguel (4), Guara\u00ed (4), Augustin\u00f3polis (3), Nova Olinda (3), S\u00edtio Novo (3), Tocantin\u00f3polis (3), e Xambio\u00e1 (3).<\/p>\n\n\n\n<p><strong>Regi\u00f5es mais afetadas<\/strong><\/p>\n\n\n\n<p>As tr\u00eas regi\u00f5es de Sa\u00fade do Tocantins que mais registraram casos de Covid-19 foram a do M\u00e9dio Norte Araguaia; Capim Dourado; e Bico do Papagaio. Na outra ponta, com menos casos confirmados, at\u00e9 o momento, est\u00e1 a regi\u00e3o sudeste do Estado.<\/p>\n\n\n\n<p>A regi\u00e3o de Sa\u00fade M\u00e9dio Norte Araguaia engloba 17 munic\u00edpios (Aragominas, Aragua\u00edna, Araguan\u00e3, Baba\u00e7ul\u00e2ndia, Barra do Ouro, Campos Lindos, Carmol\u00e2ndia, Darcin\u00f3polis, Filad\u00e9lfia, Goiatins, Muricil\u00e2ndia, Pau D&#8217;Arco, Piraqu\u00ea, Nova Olinda, Santa F\u00e9 do Araguaia, Wanderl\u00e2ndia e Xambio\u00e1) e uma popula\u00e7\u00e3o de 281.778 habitantes. Ela apresenta o epicentro de casos confirmados no Estado: 3.020.&nbsp; Dos munic\u00edpios listados, apenas Pau D\u2019Arco n\u00e3o possu\u00eda nenhum caso registrado at\u00e9 as 11h35, quando foram fechados os n\u00fameros divulgados pela Secretaria de Estado da Sa\u00fade (SES) neste&nbsp;domingo, 7.<\/p>\n\n\n\n<p>J\u00e1 a regi\u00e3o de Sa\u00fade Capim Dourado (890 casos) \u00e9 composta por 14 munic\u00edpios (Aparecida do Rio Negro, Fortaleza do Taboc\u00e3o, Lagoa do Tocantins, Lajeado, Lizarda, Miracema do Tocantins, Miranorte, Novo Acordo, Palmas, Rio dos Bois, Rio Sono, Santa Tereza do Tocantins, S\u00e3o F\u00e9lix do Tocantins&nbsp;e Tocant\u00ednia) e uma popula\u00e7\u00e3o de 333.566 habitantes. Aparecida do Rio Negro, Lagoa do Tocantins, Rio dos Bois&nbsp;e S\u00e3o F\u00e9lix n\u00e3o registraram nenhum caso de Covid-19 at\u00e9 o dia 7&nbsp;de junho.<\/p>\n\n\n\n<p>A terceira regi\u00e3o de Sa\u00fade do ranking \u00e9 a do Bico do Papagaio (874 casos), integrada por 24 munic\u00edpios (Aguiarn\u00f3polis, Anan\u00e1s, Angico, Araguatins, Augustin\u00f3polis, Axix\u00e1, Buriti, Cachoeirinha, Carrasco Bonito, Esperantina, Itaguatins, Luzin\u00f3polis, Mauril\u00e2ndia, Nazar\u00e9, Palmeiras, Praia Norte, Riachinho, Sampaio, Santa Terezinha, S\u00e3o Bento, S\u00e3o Miguel, S\u00e3o Sebasti\u00e3o, S\u00edtio Novo, e Tocantin\u00f3polis), com uma popula\u00e7\u00e3o de 201.544 habitantes. Nesta regi\u00e3o, apenas dois munic\u00edpios n\u00e3o registraram casos de Covid-19: Carrasco Bonito e Santa Terezinha.<\/p>\n\n\n\n<p>A regi\u00e3o de Sa\u00fade com menos casos \u00e9 a Sudeste (4 confirma\u00e7\u00f5es). Ela \u00e9 composta por 15 munic\u00edpios (Almas, Arraias, Aurora, Combinado, Concei\u00e7\u00e3o, Dian\u00f3polis, Lavandeira, Novo Alegre, Novo Jardim, Paran\u00e3, Ponte Alta do Bom Jesus, Porto Alegre do Tocantins, Rio da Concei\u00e7\u00e3o, Taguatinga&nbsp;e Taipas) e tem uma popula\u00e7\u00e3o 96.436 habitantes. Os casos confirmados est\u00e3o concentrados em Dian\u00f3polis (2) e Aurora (2).<\/p>\n\n\n\n<p>As demais regi\u00f5es de Sa\u00fade s\u00e3o: Cerrado Tocantins Araguaia (261 casos), que conta com 23 munic\u00edpios e uma popula\u00e7\u00e3o de 154.655 habitantes; Ilha do Bananal (257), composta por 18 munic\u00edpios e uma popula\u00e7\u00e3o de 179.492 habitantes; Cant\u00e3o (220), integrada por 15 munic\u00edpios e uma popula\u00e7\u00e3o de 122.419 habitantes; e Amor Perfeito (118), com 13 munic\u00edpios e uma popula\u00e7\u00e3o de 108.273 habitantes.<\/p>\n\n\n\n<p><strong>Avalia\u00e7\u00e3o<\/strong><\/p>\n\n\n\n<p>Desde o in\u00edcio da pandemia da Covid-19, o governador do Tocantins, Mauro Carlesse, determinou uma s\u00e9rie de medidas para garantir a preven\u00e7\u00e3o e o combate ao novo v\u00edrus no Estado. O resultado desse trabalho \u00e9 que, diferente de outros estados e h\u00e1 cerca de dois meses desde a primeira confirma\u00e7\u00e3o da doen\u00e7a, nenhum paciente no Tocantins, infectado pela Covid-19,&nbsp;ficou sem atendimento hospitalar. O Tocantins tamb\u00e9m foi o \u00faltimo estado do pa\u00eds a registrar \u00f3bito pela doen\u00e7a e tem uma das menores taxas de casos confirmados do Brasil.<\/p>\n\n\n\n<p>\u201cAcreditamos que o nosso trabalho s\u00e9rio, equilibrado, e baseado no di\u00e1logo com outros \u00f3rg\u00e3os e poderes tem feito com que a gente tenha conseguido manter o controle da doen\u00e7a aqui no Tocantins. Estamos diante de uma pandemia din\u00e2mica, com efeitos novos, e nenhum estado ou pa\u00eds tem o total controle sobre ela. Por isso, permanecemos vigilantes quanto ao seu desenrolar, para que nossa popula\u00e7\u00e3o sofra o m\u00ednimo poss\u00edvel dos seus impactos\u201d, avalia&nbsp;o governador Mauro Carlesse.<\/p>\n\n\n\n<p>O Governador tamb\u00e9m ressalta&nbsp;que, no m\u00eas passado, quando alguns locais apresentaram uma curva ascendente da doen\u00e7a, foi decretada&nbsp;a suspens\u00e3o total de atividades n\u00e3o essenciais (lockdown). \u201cBuscamos seguir as recomenda\u00e7\u00f5es das autoridades de sa\u00fade sobre a pandemia. Em raz\u00e3o disso, decretei medidas mais restritivas durante uma semana para 35 munic\u00edpios do Estado. Essa medida ajudou que a propaga\u00e7\u00e3o do v\u00edrus perdesse for\u00e7a e que os registros voltassem a ficar sob controle\u201d, conclui.<\/p>\n","protected":false},"excerpt":{"rendered":"<p>Um levantamento realizado com base nos dados do Centro de Informa\u00e7\u00f5es Estrat\u00e9gicas de Vigil\u00e2ncia em Sa\u00fade (Cievs\/TO), analisados entre o dia 18 de mar\u00e7o (quando foi confirmado o primeiro caso de Covid-19 no Estado) e 7 de junho deste ano, mostrou o desenvolvimento da pandemia da Covid-19 no Tocantins. Neste per\u00edodo, o Estado apresentou 5.644 [&hellip;]<\/p>\n","protected":false},"author":2,"featured_media":5897,"comment_status":"open","ping_status":"open","sticky":false,"template":"","format":"standard","meta":[],"categories":[3],"tags":[],"_links":{"self":[{"href":"https:\/\/dgospel.com.br\/portal\/index.php\/wp-json\/wp\/v2\/posts\/5896"}],"collection":[{"href":"https:\/\/dgospel.com.br\/portal\/index.php\/wp-json\/wp\/v2\/posts"}],"about":[{"href":"https:\/\/dgospel.com.br\/portal\/index.php\/wp-json\/wp\/v2\/types\/post"}],"author":[{"embeddable":true,"href":"https:\/\/dgospel.com.br\/portal\/index.php\/wp-json\/wp\/v2\/users\/2"}],"replies":[{"embeddable":true,"href":"https:\/\/dgospel.com.br\/portal\/index.php\/wp-json\/wp\/v2\/comments?post=5896"}],"version-history":[{"count":1,"href":"https:\/\/dgospel.com.br\/portal\/index.php\/wp-json\/wp\/v2\/posts\/5896\/revisions"}],"predecessor-version":[{"id":5898,"href":"https:\/\/dgospel.com.br\/portal\/index.php\/wp-json\/wp\/v2\/posts\/5896\/revisions\/5898"}],"wp:featuredmedia":[{"embeddable":true,"href":"https:\/\/dgospel.com.br\/portal\/index.php\/wp-json\/wp\/v2\/media\/5897"}],"wp:attachment":[{"href":"https:\/\/dgospel.com.br\/portal\/index.php\/wp-json\/wp\/v2\/media?parent=5896"}],"wp:term":[{"taxonomy":"category","embeddable":true,"href":"https:\/\/dgospel.com.br\/portal\/index.php\/wp-json\/wp\/v2\/categories?post=5896"},{"taxonomy":"post_tag","embeddable":true,"href":"https:\/\/dgospel.com.br\/portal\/index.php\/wp-json\/wp\/v2\/tags?post=5896"}],"curies":[{"name":"wp","href":"https:\/\/api.w.org\/{rel}","templated":true}]}}