{"id":5899,"date":"2020-06-08T16:47:59","date_gmt":"2020-06-08T19:47:59","guid":{"rendered":"http:\/\/dgospel.com.br\/portal\/?p=5899"},"modified":"2020-06-08T16:48:00","modified_gmt":"2020-06-08T19:48:00","slug":"governo-do-tocantins-oferta-mais-56-leitos-de-uti-a-populacao-para-casos-de-covid-19","status":"publish","type":"post","link":"https:\/\/dgospel.com.br\/portal\/index.php\/2020\/06\/08\/governo-do-tocantins-oferta-mais-56-leitos-de-uti-a-populacao-para-casos-de-covid-19\/","title":{"rendered":"Governo do Tocantins oferta mais 56 leitos de UTI \u00e0 popula\u00e7\u00e3o para casos de Covid-19"},"content":{"rendered":"\n<p>A rede p\u00fablica de Sa\u00fade do Tocantins passar\u00e1 a contar com mais 56 leitos de Unidade de Tratamento Intensivo (UTI) para o tratamento dos pacientes de Covid-19. A amplia\u00e7\u00e3o \u00e9 resultado das tratativas do Governo do Tocantins com os hospitais privados de Palmas e Aragua\u00edna e desdobramento da requisi\u00e7\u00e3o administrativa de 70% dos leitos da rede particular, ocorrida em 15 de maio deste ano. Na \u00faltima sexta-feira, 5, foi realizada uma audi\u00eancia judicial (por videoconfer\u00eancia), que definiu os entendimentos para essa contrata\u00e7\u00e3o.&nbsp;<\/p>\n\n\n\n<p>Ap\u00f3s ouvir as demandas do setor privado e negociar os pre\u00e7os pelo uso dos leitos, no dia 28 de maio, a Secretaria de Estado da Sa\u00fade (SES) abriu chamamento para credenciamento de institui\u00e7\u00f5es privadas com ou sem fins lucrativos, interessadas em disponibilizar leitos de UTI. As empresas que tinham interesse em participar do credenciamento tiveram at\u00e9 sexta-feira, 5, para se manifestar.<\/p>\n\n\n\n<p>Na audi\u00eancia, a&nbsp; (SES) obteve a sinaliza\u00e7\u00e3o da iniciativa privada da oferta de mais 56 leitos de UTI para atender popula\u00e7\u00e3o que necessita do Sistema \u00danico de Sa\u00fade (SUS) no Tocantins. As unidades hospitalares que manifestaram interesse em ofertar leitos, foram: Palmas Medical Center (cinco leitos), Unimed (tr\u00eas leitos), Hospital Oswaldo Cruz (cinco leitos), Hospital Dom Orione (cinco leitos), Hospital Santa Thereza (10 leitos), Intensicare (oito leitos) e Instituto Sinai de Aragua\u00edna (20 leitos).<\/p>\n\n\n\n<p>Para o secret\u00e1rio de Estado da Sa\u00fade, Dr. Edgar Tollini, o Tocantins n\u00e3o medir\u00e1 esfor\u00e7os para garantir os atendimentos necess\u00e1rios \u00e0 popula\u00e7\u00e3o. \u201cEstamos trabalhando com nossa equipe unida e coesa em busca de dar a melhor condi\u00e7\u00e3o assistencial aos tocantinenses e&nbsp;todas as a\u00e7\u00f5es s\u00e3o respaldadas juridicamente e com aval do governador Mauro Carlesse\u201d, afirma.<\/p>\n\n\n\n<p>As empresas t\u00eam at\u00e9 \u00e0s 17 horas&nbsp;desta segunda-feira, 8, para encaminhar&nbsp;a documenta\u00e7\u00e3o necess\u00e1ria no credenciamento, que dobrar\u00e1 o n\u00famero de leitos de UTI-Covid&nbsp;&nbsp;ofertados pelo Governo do Tocantins. Al\u00e9m disso, diante da solu\u00e7\u00e3o consensuada, as unidades privadas manter\u00e3o sob sua gest\u00e3o um n\u00famero proporcional de leitos para o atendimento aos planos privados.&nbsp;<\/p>\n\n\n\n<p>Para o&nbsp; superintendente do Jur\u00eddico da SES, Marcus Senna, &#8220;a constru\u00e7\u00e3o do consenso sem d\u00favidas foi a melhor solu\u00e7\u00e3o para garantir proporcionalidade &nbsp;ao acesso a leitos de UTI pelos usu\u00e1rios do SUS e tamb\u00e9m pelos benefici\u00e1rios de planos de sa\u00fade privados e, com a contratualiza\u00e7\u00e3o firmada em acordo judicial, ficar\u00e1 garantida \u00e0s unidades privadas a justa remunera\u00e7\u00e3o pelo uso dos espa\u00e7os pela Secretaria da Sa\u00fade&#8221;, explica.<\/p>\n\n\n\n<p><strong>Valores<\/strong><br>O Governo do Estado ir\u00e1 pagar R$ 1,6 mil de di\u00e1ria pela disponibiliza\u00e7\u00e3o dos leitos de UTI, mais R$ 1 mil de di\u00e1ria em caso de ocupa\u00e7\u00e3o e R$ 1,5 mil por interna\u00e7\u00e3o. As unidades receber\u00e3o antecipadamente, a contar da habilita\u00e7\u00e3o dos leitos no Minist\u00e9rio da Sa\u00fade (MS), o equivalente a 30 dias da disponibiliza\u00e7\u00e3o dos leitos, ou seja, R$&nbsp; 1,6&nbsp; mil,&nbsp;&nbsp;por leito de UTI disponibilizado. Os recursos para o pagamento dos alugu\u00e9is dos leitos privados s\u00e3o provenientes do MS com complemento do tesouro estadual.<\/p>\n\n\n\n<p><strong>Webconfer\u00eancia<\/strong><\/p>\n\n\n\n<p>A audi\u00eancia judicial foi presidida pelo juiz Gil Ara\u00fajo Corr\u00eaa e solicitada pelo defensor p\u00fablico Arthur P\u00e1dua. Estiveram presentes no encontro virtual, o promotor de justi\u00e7a Thiago Ribeiro;&nbsp;o procurador-geral do Estado, Nivair Vieira Borges;&nbsp;o superintendente de Assuntos Jur\u00eddicos da SES, Marcus Senna;&nbsp;o secret\u00e1rio da Secretaria Municipal de Sa\u00fade de Palmas Daniel Borini;&nbsp;a secret\u00e1ria executiva do Tesouro, Dilma Caldeira de Moura, e representantes dos hospitais particulares.<\/p>\n","protected":false},"excerpt":{"rendered":"<p>A rede p\u00fablica de Sa\u00fade do Tocantins passar\u00e1 a contar com mais 56 leitos de Unidade de Tratamento Intensivo (UTI) para o tratamento dos pacientes de Covid-19. A amplia\u00e7\u00e3o \u00e9 resultado das tratativas do Governo do Tocantins com os hospitais privados de Palmas e Aragua\u00edna e desdobramento da requisi\u00e7\u00e3o administrativa de 70% dos leitos da [&hellip;]<\/p>\n","protected":false},"author":2,"featured_media":5900,"comment_status":"open","ping_status":"open","sticky":false,"template":"","format":"standard","meta":[],"categories":[3],"tags":[],"_links":{"self":[{"href":"https:\/\/dgospel.com.br\/portal\/index.php\/wp-json\/wp\/v2\/posts\/5899"}],"collection":[{"href":"https:\/\/dgospel.com.br\/portal\/index.php\/wp-json\/wp\/v2\/posts"}],"about":[{"href":"https:\/\/dgospel.com.br\/portal\/index.php\/wp-json\/wp\/v2\/types\/post"}],"author":[{"embeddable":true,"href":"https:\/\/dgospel.com.br\/portal\/index.php\/wp-json\/wp\/v2\/users\/2"}],"replies":[{"embeddable":true,"href":"https:\/\/dgospel.com.br\/portal\/index.php\/wp-json\/wp\/v2\/comments?post=5899"}],"version-history":[{"count":1,"href":"https:\/\/dgospel.com.br\/portal\/index.php\/wp-json\/wp\/v2\/posts\/5899\/revisions"}],"predecessor-version":[{"id":5901,"href":"https:\/\/dgospel.com.br\/portal\/index.php\/wp-json\/wp\/v2\/posts\/5899\/revisions\/5901"}],"wp:featuredmedia":[{"embeddable":true,"href":"https:\/\/dgospel.com.br\/portal\/index.php\/wp-json\/wp\/v2\/media\/5900"}],"wp:attachment":[{"href":"https:\/\/dgospel.com.br\/portal\/index.php\/wp-json\/wp\/v2\/media?parent=5899"}],"wp:term":[{"taxonomy":"category","embeddable":true,"href":"https:\/\/dgospel.com.br\/portal\/index.php\/wp-json\/wp\/v2\/categories?post=5899"},{"taxonomy":"post_tag","embeddable":true,"href":"https:\/\/dgospel.com.br\/portal\/index.php\/wp-json\/wp\/v2\/tags?post=5899"}],"curies":[{"name":"wp","href":"https:\/\/api.w.org\/{rel}","templated":true}]}}