{"id":5902,"date":"2020-06-08T16:49:55","date_gmt":"2020-06-08T19:49:55","guid":{"rendered":"http:\/\/dgospel.com.br\/portal\/?p=5902"},"modified":"2020-06-08T16:49:56","modified_gmt":"2020-06-08T19:49:56","slug":"com-a-reabertura-do-comercio-de-palmas-governo-do-tocantins-realiza-acao-educativa","status":"publish","type":"post","link":"https:\/\/dgospel.com.br\/portal\/index.php\/2020\/06\/08\/com-a-reabertura-do-comercio-de-palmas-governo-do-tocantins-realiza-acao-educativa\/","title":{"rendered":"Com a reabertura do com\u00e9rcio de Palmas, Governo do Tocantins realiza a\u00e7\u00e3o educativa"},"content":{"rendered":"\n<p>Segue at\u00e9 esta ter\u00e7a-feira, 9, em Palmas, mais uma &nbsp;etapa da A\u00e7\u00e3o conjunta e educativa de preven\u00e7\u00e3o ao aumento de casos do Coronav\u00edrus em Palmas. O trabalho iniciou na manh\u00e3 desta segunda-feira, 8.&nbsp;<\/p>\n\n\n\n<p>Equipes de sete secretarias e autarquias est\u00e3o visitando lojas de departamentos, concession\u00e1rias e com\u00e9rcio em geral das regi\u00f5es Central, Norte e Sul (Taquaralto) da Capital.&nbsp;<\/p>\n\n\n\n<p>Antes do in\u00edcio da a\u00e7\u00e3o, o secret\u00e1rio de Estado da Administra\u00e7\u00e3o (Secad) Bruno Barreto agradeceu a participa\u00e7\u00e3o dos envolvidos e refor\u00e7ou o engajamento de todos. A a\u00e7\u00e3o \u00e9 em decorr\u00eancia \u00e0 reabertura do com\u00e9rcio na Capital autorizado por decreto municipal.<\/p>\n\n\n\n<p>Com o objetivo de orientar donos dos estabelecimentos, funcion\u00e1rios e \u00e0 popula\u00e7\u00e3o, quanto \u00e0 forma correta de preven\u00e7\u00e3o e combate a contamina\u00e7\u00e3o por Covid-19, a a\u00e7\u00e3o tem coordena\u00e7\u00e3o geral da Secad e Operacional do Procon, integrada com equipes das Pol\u00edcias Militar, Civil, Superintend\u00eancia de Vigil\u00e2ncia em Sa\u00fade Sanit\u00e1ria, Ag\u00eancia Estadual de Metrologia (AEM), Vigil\u00e2ncia Sanit\u00e1ria e Detran.<\/p>\n\n\n\n<p>A import\u00e2ncia do distanciamento recomendado, o uso de m\u00e1scara, &nbsp;\u00e1lcool em gel e demarca\u00e7\u00e3o de filas, fazem parte das orienta\u00e7\u00f5es das equipes. Para o secret\u00e1rio de Estado da Administra\u00e7\u00e3o Bruno Barreto, \u201cpara que a retomada do com\u00e9rcio seja exitosa, sem o aumento do n\u00famero de casos do Coronav\u00edrus, \u00e9 preciso o engajamento de Todos. De n\u00f3s (Estado), dos propriet\u00e1rios de estabelecimentos e da popula\u00e7\u00e3o em geral\u201d; a responsabilidade est\u00e1 nas m\u00e3os de cada um de n\u00f3s. Por isso, n\u00e3o devemos esquecer que o perigo ainda n\u00e3o tem vacina\u201d, ressaltou o gestor.<\/p>\n\n\n\n<p><strong>Hist\u00f3rico<\/strong><\/p>\n\n\n\n<p>Por determina\u00e7\u00e3o do governador Mauro Carlesse, a Secad coordena o projeto dessa intera\u00e7\u00e3o, que acontece de forma conjunta e educativa contra a prolifera\u00e7\u00e3o do Coronav\u00edrus pela terceira vez. As duas edi\u00e7\u00f5es anteriores ocorreram em Palmas, Gurupi e Aragua\u00edna.<\/p>\n\n\n\n<p>Participam da A\u00e7\u00e3o: Secretarias de Estado da Administra\u00e7\u00e3o: Sa\u00fade\/Superintend\u00eancia de Vigil\u00e2ncia em Sa\u00fade; Seguran\u00e7a P\u00fablica (Pol\u00edcias Militar e Civil); Cidadania e Justi\u00e7a, por meio do Procon; &nbsp;Ag\u00eancia Estadual de Metrologia (AEM) e Detran.<\/p>\n","protected":false},"excerpt":{"rendered":"<p>Segue at\u00e9 esta ter\u00e7a-feira, 9, em Palmas, mais uma &nbsp;etapa da A\u00e7\u00e3o conjunta e educativa de preven\u00e7\u00e3o ao aumento de casos do Coronav\u00edrus em Palmas. O trabalho iniciou na manh\u00e3 desta segunda-feira, 8.&nbsp; Equipes de sete secretarias e autarquias est\u00e3o visitando lojas de departamentos, concession\u00e1rias e com\u00e9rcio em geral das regi\u00f5es Central, Norte e Sul [&hellip;]<\/p>\n","protected":false},"author":2,"featured_media":5903,"comment_status":"open","ping_status":"open","sticky":false,"template":"","format":"standard","meta":[],"categories":[3],"tags":[],"_links":{"self":[{"href":"https:\/\/dgospel.com.br\/portal\/index.php\/wp-json\/wp\/v2\/posts\/5902"}],"collection":[{"href":"https:\/\/dgospel.com.br\/portal\/index.php\/wp-json\/wp\/v2\/posts"}],"about":[{"href":"https:\/\/dgospel.com.br\/portal\/index.php\/wp-json\/wp\/v2\/types\/post"}],"author":[{"embeddable":true,"href":"https:\/\/dgospel.com.br\/portal\/index.php\/wp-json\/wp\/v2\/users\/2"}],"replies":[{"embeddable":true,"href":"https:\/\/dgospel.com.br\/portal\/index.php\/wp-json\/wp\/v2\/comments?post=5902"}],"version-history":[{"count":1,"href":"https:\/\/dgospel.com.br\/portal\/index.php\/wp-json\/wp\/v2\/posts\/5902\/revisions"}],"predecessor-version":[{"id":5904,"href":"https:\/\/dgospel.com.br\/portal\/index.php\/wp-json\/wp\/v2\/posts\/5902\/revisions\/5904"}],"wp:featuredmedia":[{"embeddable":true,"href":"https:\/\/dgospel.com.br\/portal\/index.php\/wp-json\/wp\/v2\/media\/5903"}],"wp:attachment":[{"href":"https:\/\/dgospel.com.br\/portal\/index.php\/wp-json\/wp\/v2\/media?parent=5902"}],"wp:term":[{"taxonomy":"category","embeddable":true,"href":"https:\/\/dgospel.com.br\/portal\/index.php\/wp-json\/wp\/v2\/categories?post=5902"},{"taxonomy":"post_tag","embeddable":true,"href":"https:\/\/dgospel.com.br\/portal\/index.php\/wp-json\/wp\/v2\/tags?post=5902"}],"curies":[{"name":"wp","href":"https:\/\/api.w.org\/{rel}","templated":true}]}}