{"id":5905,"date":"2020-06-08T17:07:00","date_gmt":"2020-06-08T20:07:00","guid":{"rendered":"http:\/\/dgospel.com.br\/portal\/?p=5905"},"modified":"2020-06-08T17:07:06","modified_gmt":"2020-06-08T20:07:06","slug":"igreja-celebra-79-anos-com-culto-drive-in-e-recebe-quase-500-carros-em-sp","status":"publish","type":"post","link":"https:\/\/dgospel.com.br\/portal\/index.php\/2020\/06\/08\/igreja-celebra-79-anos-com-culto-drive-in-e-recebe-quase-500-carros-em-sp\/","title":{"rendered":"Igreja celebra 79 anos com culto drive-in e recebe quase 500 carros em SP"},"content":{"rendered":"\n<p>A Assembleia de Deus de S\u00e3o Jos\u00e9 dos Campos fez o chamado pelo seu site comunicando a celebra\u00e7\u00e3o dos 79 anos da denomina\u00e7\u00e3o, que devido \u00e0 pandemia decidiu realizar o culto em forma de&nbsp;<strong><a href=\"https:\/\/guiame.com.br\/gospel\/mundo-cristao\/igreja-reune-mais-de-mil-pessoas-em-culto-drive-no-interior-de-sp.html\">drive-in<\/a><\/strong>,&nbsp;com os fi\u00e9is e convidados dentro de seus autom\u00f3veis.<\/p>\n\n\n\n<p>O evento, que aconteceu na noite do s\u00e1bado (6), foi no Est\u00e1dio ADC Parahyba.<\/p>\n\n\n\n<p>\u201cVamos celebrar em uma grande festa ao ar livre. Venha com seu carro e fique nele para participar de algo in\u00e9dito, culto no carro\u201d, dizia o site da denomina\u00e7\u00e3o.<\/p>\n\n\n\n<p>A igreja tamb\u00e9m explicou as condi\u00e7\u00f5es para a participa\u00e7\u00e3o no culto drive-in: \u201cVoc\u00ea n\u00e3o poder\u00e1 sair do carro, e vai, de maneira confort\u00e1vel, ser ministrado com palavra, louvores e celebra\u00e7\u00e3o que acontecer\u00e1 na sua frente em cima de um Trio El\u00e9trico\u201d.<\/p>\n\n\n\n<p>Os fi\u00e9is foram recebidos com cartazes de orienta\u00e7\u00e3o sobre distanciamento,&nbsp;<strong><a href=\"https:\/\/guiame.com.br\/gospel\/mundo-cristao\/igrejas-evangelicas-sao-reabertas-na-italia-epicentro-do-coronavirus-na-europa.html\">uso de m\u00e1scaras<\/a><\/strong>&nbsp;e \u00e1lcool em gel. A sa\u00edda do carro s\u00f3 era permitida para utilizar o banheiro.<\/p>\n\n\n\n<p>&nbsp;O local tinha capacidade de receber at\u00e9 500 carros, a Assembleia revelou que participaram 488 carros em um culto de mais ou menos 2h.<\/p>\n\n\n\n<p>&#8220;O evento foi incr\u00edvel, algo hist\u00f3rico pra nossa igreja&#8221;, disseram os organizadores do evento.<\/p>\n\n\n\n<p>\n\nFONTE: GUIAME, COM INFORMA\u00c7\u00d5ES DO MEON\n\n<\/p>\n","protected":false},"excerpt":{"rendered":"<p>A Assembleia de Deus de S\u00e3o Jos\u00e9 dos Campos fez o chamado pelo seu site comunicando a celebra\u00e7\u00e3o dos 79 anos da denomina\u00e7\u00e3o, que devido \u00e0 pandemia decidiu realizar o culto em forma de&nbsp;drive-in,&nbsp;com os fi\u00e9is e convidados dentro de seus autom\u00f3veis. O evento, que aconteceu na noite do s\u00e1bado (6), foi no Est\u00e1dio ADC [&hellip;]<\/p>\n","protected":false},"author":2,"featured_media":5906,"comment_status":"open","ping_status":"open","sticky":false,"template":"","format":"standard","meta":[],"categories":[5],"tags":[],"_links":{"self":[{"href":"https:\/\/dgospel.com.br\/portal\/index.php\/wp-json\/wp\/v2\/posts\/5905"}],"collection":[{"href":"https:\/\/dgospel.com.br\/portal\/index.php\/wp-json\/wp\/v2\/posts"}],"about":[{"href":"https:\/\/dgospel.com.br\/portal\/index.php\/wp-json\/wp\/v2\/types\/post"}],"author":[{"embeddable":true,"href":"https:\/\/dgospel.com.br\/portal\/index.php\/wp-json\/wp\/v2\/users\/2"}],"replies":[{"embeddable":true,"href":"https:\/\/dgospel.com.br\/portal\/index.php\/wp-json\/wp\/v2\/comments?post=5905"}],"version-history":[{"count":1,"href":"https:\/\/dgospel.com.br\/portal\/index.php\/wp-json\/wp\/v2\/posts\/5905\/revisions"}],"predecessor-version":[{"id":5907,"href":"https:\/\/dgospel.com.br\/portal\/index.php\/wp-json\/wp\/v2\/posts\/5905\/revisions\/5907"}],"wp:featuredmedia":[{"embeddable":true,"href":"https:\/\/dgospel.com.br\/portal\/index.php\/wp-json\/wp\/v2\/media\/5906"}],"wp:attachment":[{"href":"https:\/\/dgospel.com.br\/portal\/index.php\/wp-json\/wp\/v2\/media?parent=5905"}],"wp:term":[{"taxonomy":"category","embeddable":true,"href":"https:\/\/dgospel.com.br\/portal\/index.php\/wp-json\/wp\/v2\/categories?post=5905"},{"taxonomy":"post_tag","embeddable":true,"href":"https:\/\/dgospel.com.br\/portal\/index.php\/wp-json\/wp\/v2\/tags?post=5905"}],"curies":[{"name":"wp","href":"https:\/\/api.w.org\/{rel}","templated":true}]}}