{"id":5908,"date":"2020-06-09T10:18:57","date_gmt":"2020-06-09T13:18:57","guid":{"rendered":"http:\/\/dgospel.com.br\/portal\/?p=5908"},"modified":"2020-06-09T10:18:58","modified_gmt":"2020-06-09T13:18:58","slug":"transmissao-de-covid-19-por-pacientes-sem-sintomas-e-rara","status":"publish","type":"post","link":"https:\/\/dgospel.com.br\/portal\/index.php\/2020\/06\/09\/transmissao-de-covid-19-por-pacientes-sem-sintomas-e-rara\/","title":{"rendered":"Transmiss\u00e3o de Covid-19 por pacientes sem sintomas \u00e9 rara"},"content":{"rendered":"\n<p> Nesta segunda-feira (8), Maria Van Kerkhove, infectologista e chefe do departamento de doen\u00e7as emergentes da Organiza\u00e7\u00e3o Mundial da Sa\u00fade (OMS), disse que a propaga\u00e7\u00e3o da Covid-19 a partir de pacientes assintom\u00e1ticos \u00e9 \u201cmuito rara.\u201d Ela deu declara\u00e7\u00f5es durante a confer\u00eancia de imprensa di\u00e1ria sobre o novo coronav\u00edrus. <\/p>\n\n\n\n<p> Van Kerkhove disse que os dados levantados at\u00e9 o momento mostraram que pessoas que n\u00e3o apresentam sintomas do v\u00edrus t\u00eam pouco potencial infectol\u00f3gico para contaminar indiv\u00edduos saud\u00e1veis. As informa\u00e7\u00f5es s\u00e3o da Ag\u00eancia Brasil. <\/p>\n\n\n\n<p>\u2013 N\u00f3s sabemos que existem pessoas que podem ser genuinamente assintom\u00e1ticas e ter o PCR (teste realizado para detectar a presen\u00e7a do v\u00edrus no organismo) positivo. Esses indiv\u00edduos precisam ser analisados cuidadosamente para entender a transmiss\u00e3o. H\u00e1 pa\u00edses que est\u00e3o fazendo uma an\u00e1lise detalhada desses indiv\u00edduos, e eles n\u00e3o est\u00e3o achando transmiss\u00e3o secund\u00e1ria. \u00c9 muito rara \u2013 falou.<\/p>\n\n\n\n<p>Ela defendeu ainda que deve haver esfor\u00e7os dos governos para identificar e isolar pessoas que apresentam sintomas. Para ela, \u00e9 importante tra\u00e7ar o contatos que infectados tiveram com outras pessoas.<\/p>\n\n\n\n<p>Maria acredita ainda que mais estudos precisam ser feitos a fim de que seja encontrada uma resposta real a respeito das formas de transmiss\u00e3o da Covid-19.<\/p>\n\n\n\n<p>Fonte: pleno.news<\/p>\n","protected":false},"excerpt":{"rendered":"<p>Nesta segunda-feira (8), Maria Van Kerkhove, infectologista e chefe do departamento de doen\u00e7as emergentes da Organiza\u00e7\u00e3o Mundial da Sa\u00fade (OMS), disse que a propaga\u00e7\u00e3o da Covid-19 a partir de pacientes assintom\u00e1ticos \u00e9 \u201cmuito rara.\u201d Ela deu declara\u00e7\u00f5es durante a confer\u00eancia de imprensa di\u00e1ria sobre o novo coronav\u00edrus. Van Kerkhove disse que os dados levantados at\u00e9 [&hellip;]<\/p>\n","protected":false},"author":2,"featured_media":5909,"comment_status":"open","ping_status":"open","sticky":false,"template":"","format":"standard","meta":[],"categories":[10,4],"tags":[],"_links":{"self":[{"href":"https:\/\/dgospel.com.br\/portal\/index.php\/wp-json\/wp\/v2\/posts\/5908"}],"collection":[{"href":"https:\/\/dgospel.com.br\/portal\/index.php\/wp-json\/wp\/v2\/posts"}],"about":[{"href":"https:\/\/dgospel.com.br\/portal\/index.php\/wp-json\/wp\/v2\/types\/post"}],"author":[{"embeddable":true,"href":"https:\/\/dgospel.com.br\/portal\/index.php\/wp-json\/wp\/v2\/users\/2"}],"replies":[{"embeddable":true,"href":"https:\/\/dgospel.com.br\/portal\/index.php\/wp-json\/wp\/v2\/comments?post=5908"}],"version-history":[{"count":1,"href":"https:\/\/dgospel.com.br\/portal\/index.php\/wp-json\/wp\/v2\/posts\/5908\/revisions"}],"predecessor-version":[{"id":5910,"href":"https:\/\/dgospel.com.br\/portal\/index.php\/wp-json\/wp\/v2\/posts\/5908\/revisions\/5910"}],"wp:featuredmedia":[{"embeddable":true,"href":"https:\/\/dgospel.com.br\/portal\/index.php\/wp-json\/wp\/v2\/media\/5909"}],"wp:attachment":[{"href":"https:\/\/dgospel.com.br\/portal\/index.php\/wp-json\/wp\/v2\/media?parent=5908"}],"wp:term":[{"taxonomy":"category","embeddable":true,"href":"https:\/\/dgospel.com.br\/portal\/index.php\/wp-json\/wp\/v2\/categories?post=5908"},{"taxonomy":"post_tag","embeddable":true,"href":"https:\/\/dgospel.com.br\/portal\/index.php\/wp-json\/wp\/v2\/tags?post=5908"}],"curies":[{"name":"wp","href":"https:\/\/api.w.org\/{rel}","templated":true}]}}