{"id":591,"date":"2018-06-19T17:07:36","date_gmt":"2018-06-19T20:07:36","guid":{"rendered":"http:\/\/dgospel.com.br\/portal\/?p=591"},"modified":"2018-06-19T17:37:28","modified_gmt":"2018-06-19T20:37:28","slug":"carlesse-em-paraiso-o-trabalho-que-estou-fazendo-nao-se-mistura-com-politica-mas-mostra-que-e-possivel-fazer","status":"publish","type":"post","link":"https:\/\/dgospel.com.br\/portal\/index.php\/2018\/06\/19\/carlesse-em-paraiso-o-trabalho-que-estou-fazendo-nao-se-mistura-com-politica-mas-mostra-que-e-possivel-fazer\/","title":{"rendered":"Justi\u00e7a determina que Vicentinho retire propaganda ofensiva contra Carlesse de redes sociais"},"content":{"rendered":"<p class=\"yiv6424459643MsoNormal\">A Justi\u00e7a Eleitoral acatou mais uma representa\u00e7\u00e3o\u00a0movida pela coliga\u00e7\u00e3o Governo de Atitude, do candidato a governador na elei\u00e7\u00e3o suplementar Mauro Carlesse, contra o candidato Vicentinho Alves por veicula\u00e7\u00e3o de propaganda irregular em redes sociais, de \u201cconte\u00fados ofensivos e mentirosos\u201d. Esta j\u00e1 \u00e9 a segunda decis\u00e3o favor\u00e1vel a Carlesse publicada\u00a0pela Justi\u00e7a\u00a0nesta ter\u00e7a-feira, 19,\u00a0na tentativa de combater a estrat\u00e9gia recorrente de Vicentinho de usar sua propaganda eleitoral para, deliberadamente, fazer ataques a Carlesse, contrariando a legisla\u00e7\u00e3o.<\/p>\n<p class=\"yiv6424459643MsoNormal\">Conforme destaca a assessoria jur\u00eddica da coliga\u00e7\u00e3o Governo de Atitude, na propaganda questionada, Vicentinho tenta conduzir os expectadores ao entendimento de que Carlesse n\u00e3o respeita os direitos trabalhistas. Em sua decis\u00e3o, a ju\u00edza Etelvina Maria Sampaio Felipe refor\u00e7a que a reforma eleitoral de 2015 estabelece de forma clara os crit\u00e9rios para a propaganda, determinando que \u201cem grava\u00e7\u00f5es, internas ou externas, s\u00f3 poder\u00e3o aparecer o pr\u00f3prio candidato, as suas propostas (em caracteres), fotos, \u201cjingles\u201d, clipes de campanha e indica\u00e7\u00e3o do n\u00famero com que concorre ou do partido, como tamb\u00e9m de seus apoiadores, buscando diminuir as produ\u00e7\u00f5es cinematogr\u00e1ficas\u201d.<\/p>\n<p class=\"yiv6424459643MsoNormal\">\u201cAssim, penso que n\u00e3o podemos permitir que se gaste dinheiro p\u00fablico para propaganda eleitoral que se resuma a ataques de baixo n\u00edvel\u201d, frisa a magistrada, acrescentando que a Justi\u00e7a Eleitoral deve fixar os limites da propaganda, e estabelecer que as campanhas devem ser program\u00e1ticas e propositivas.<\/p>\n<p class=\"yiv6424459643MsoNormal\">Diante da representa\u00e7\u00e3o, a ju\u00edza concedeu liminar ordenando a imediata suspens\u00e3o da propaganda eleitoral veiculada por meio do Facebook no prazo m\u00e1ximo de 24 horas e determinou que Vicentinho e sua coliga\u00e7\u00e3o se abstenham de veicular o conte\u00fado, seja em blogs e demais redes sociais, bem como em r\u00e1dio e televis\u00e3o. Foi fixada multa de R$ 5 mil por veicula\u00e7\u00e3o, em caso de descumprimento da decis\u00e3o.<\/p>\n","protected":false},"excerpt":{"rendered":"<p>A Justi\u00e7a Eleitoral acatou mais uma representa\u00e7\u00e3o\u00a0movida pela coliga\u00e7\u00e3o Governo de Atitude, do candidato a governador na elei\u00e7\u00e3o suplementar Mauro Carlesse, contra o candidato Vicentinho Alves por veicula\u00e7\u00e3o de propaganda irregular em redes sociais, de \u201cconte\u00fados ofensivos e mentirosos\u201d. Esta j\u00e1 \u00e9 a segunda decis\u00e3o favor\u00e1vel a Carlesse publicada\u00a0pela Justi\u00e7a\u00a0nesta ter\u00e7a-feira, 19,\u00a0na tentativa de combater [&hellip;]<\/p>\n","protected":false},"author":2,"featured_media":595,"comment_status":"open","ping_status":"open","sticky":false,"template":"","format":"standard","meta":[],"categories":[2,4],"tags":[],"_links":{"self":[{"href":"https:\/\/dgospel.com.br\/portal\/index.php\/wp-json\/wp\/v2\/posts\/591"}],"collection":[{"href":"https:\/\/dgospel.com.br\/portal\/index.php\/wp-json\/wp\/v2\/posts"}],"about":[{"href":"https:\/\/dgospel.com.br\/portal\/index.php\/wp-json\/wp\/v2\/types\/post"}],"author":[{"embeddable":true,"href":"https:\/\/dgospel.com.br\/portal\/index.php\/wp-json\/wp\/v2\/users\/2"}],"replies":[{"embeddable":true,"href":"https:\/\/dgospel.com.br\/portal\/index.php\/wp-json\/wp\/v2\/comments?post=591"}],"version-history":[{"count":3,"href":"https:\/\/dgospel.com.br\/portal\/index.php\/wp-json\/wp\/v2\/posts\/591\/revisions"}],"predecessor-version":[{"id":596,"href":"https:\/\/dgospel.com.br\/portal\/index.php\/wp-json\/wp\/v2\/posts\/591\/revisions\/596"}],"wp:featuredmedia":[{"embeddable":true,"href":"https:\/\/dgospel.com.br\/portal\/index.php\/wp-json\/wp\/v2\/media\/595"}],"wp:attachment":[{"href":"https:\/\/dgospel.com.br\/portal\/index.php\/wp-json\/wp\/v2\/media?parent=591"}],"wp:term":[{"taxonomy":"category","embeddable":true,"href":"https:\/\/dgospel.com.br\/portal\/index.php\/wp-json\/wp\/v2\/categories?post=591"},{"taxonomy":"post_tag","embeddable":true,"href":"https:\/\/dgospel.com.br\/portal\/index.php\/wp-json\/wp\/v2\/tags?post=591"}],"curies":[{"name":"wp","href":"https:\/\/api.w.org\/{rel}","templated":true}]}}