{"id":5912,"date":"2020-06-10T00:41:36","date_gmt":"2020-06-10T03:41:36","guid":{"rendered":"http:\/\/dgospel.com.br\/portal\/?p=5912"},"modified":"2020-06-10T00:41:37","modified_gmt":"2020-06-10T03:41:37","slug":"leo-barbosa-apresenta-projeto-que-veda-homenagens-a-pessoas-condenadas-por-racismo-no-tocantins","status":"publish","type":"post","link":"https:\/\/dgospel.com.br\/portal\/index.php\/2020\/06\/10\/leo-barbosa-apresenta-projeto-que-veda-homenagens-a-pessoas-condenadas-por-racismo-no-tocantins\/","title":{"rendered":"L\u00e9o Barbosa apresenta Projeto que veda homenagens a pessoas condenadas por racismo no Tocantins"},"content":{"rendered":"\n<p>O deputado estadual L\u00e9o Barbosa (SD) apresentou nesta ter\u00e7a-feira (09), na Assembleia Legislativa do Tocantins, um Projeto de Lei que pro\u00edbe homenagens a pessoas condenadas por racismo (Lei Federal n\u00ba 7.716\/89) no \u00e2mbito da Administra\u00e7\u00e3o P\u00fablica do Estado do Tocantins, inclusive quanto a denomina\u00e7\u00e3o de logradouros e pr\u00e9dios p\u00fablicos.<\/p>\n\n\n\n<p>Ao propor o PL, o parlamentar falou sobre o homic\u00eddio de George Floyd, 46 anos, homem negro que morava em Minnesota, nos Estados Unidos, que causou uma onda de indigna\u00e7\u00e3o mundial depois da divulga\u00e7\u00e3o de um v\u00eddeo que mostra um policial branco usando o joelho para asfixi\u00e1-lo.&nbsp;<\/p>\n\n\n\n<p>\u201cNo Brasil, o racismo \u00e9 um grande problema desde a era colonial. Embora a maioria da popula\u00e7\u00e3o seja constitu\u00edda por negros e pardos, at\u00e9 hoje o racismo interfere na qualidade de vida dos cidad\u00e3os. \u00c9 inadmiss\u00edvel permitir que pessoas racistas sejam homenageadas, por isso proponho essa mat\u00e9ria e conto com o apoio dos demais parlamentares para aprova\u00e7\u00e3o da propositura\u201d, destacou L\u00e9o Barbosa.<\/p>\n","protected":false},"excerpt":{"rendered":"<p>O deputado estadual L\u00e9o Barbosa (SD) apresentou nesta ter\u00e7a-feira (09), na Assembleia Legislativa do Tocantins, um Projeto de Lei que pro\u00edbe homenagens a pessoas condenadas por racismo (Lei Federal n\u00ba 7.716\/89) no \u00e2mbito da Administra\u00e7\u00e3o P\u00fablica do Estado do Tocantins, inclusive quanto a denomina\u00e7\u00e3o de logradouros e pr\u00e9dios p\u00fablicos. Ao propor o PL, o parlamentar [&hellip;]<\/p>\n","protected":false},"author":2,"featured_media":5913,"comment_status":"open","ping_status":"open","sticky":false,"template":"","format":"standard","meta":[],"categories":[8,4],"tags":[],"_links":{"self":[{"href":"https:\/\/dgospel.com.br\/portal\/index.php\/wp-json\/wp\/v2\/posts\/5912"}],"collection":[{"href":"https:\/\/dgospel.com.br\/portal\/index.php\/wp-json\/wp\/v2\/posts"}],"about":[{"href":"https:\/\/dgospel.com.br\/portal\/index.php\/wp-json\/wp\/v2\/types\/post"}],"author":[{"embeddable":true,"href":"https:\/\/dgospel.com.br\/portal\/index.php\/wp-json\/wp\/v2\/users\/2"}],"replies":[{"embeddable":true,"href":"https:\/\/dgospel.com.br\/portal\/index.php\/wp-json\/wp\/v2\/comments?post=5912"}],"version-history":[{"count":1,"href":"https:\/\/dgospel.com.br\/portal\/index.php\/wp-json\/wp\/v2\/posts\/5912\/revisions"}],"predecessor-version":[{"id":5914,"href":"https:\/\/dgospel.com.br\/portal\/index.php\/wp-json\/wp\/v2\/posts\/5912\/revisions\/5914"}],"wp:featuredmedia":[{"embeddable":true,"href":"https:\/\/dgospel.com.br\/portal\/index.php\/wp-json\/wp\/v2\/media\/5913"}],"wp:attachment":[{"href":"https:\/\/dgospel.com.br\/portal\/index.php\/wp-json\/wp\/v2\/media?parent=5912"}],"wp:term":[{"taxonomy":"category","embeddable":true,"href":"https:\/\/dgospel.com.br\/portal\/index.php\/wp-json\/wp\/v2\/categories?post=5912"},{"taxonomy":"post_tag","embeddable":true,"href":"https:\/\/dgospel.com.br\/portal\/index.php\/wp-json\/wp\/v2\/tags?post=5912"}],"curies":[{"name":"wp","href":"https:\/\/api.w.org\/{rel}","templated":true}]}}