{"id":5915,"date":"2020-06-10T09:27:29","date_gmt":"2020-06-10T12:27:29","guid":{"rendered":"http:\/\/dgospel.com.br\/portal\/?p=5915"},"modified":"2020-06-10T09:28:01","modified_gmt":"2020-06-10T12:28:01","slug":"milton-neris-diz-que-prefeita-e-coe-devem-ser-responsabilizados-criminalmente-por-privarem-3-mil-testes-de-covid-19","status":"publish","type":"post","link":"https:\/\/dgospel.com.br\/portal\/index.php\/2020\/06\/10\/milton-neris-diz-que-prefeita-e-coe-devem-ser-responsabilizados-criminalmente-por-privarem-3-mil-testes-de-covid-19\/","title":{"rendered":"Milton Neris diz que prefeita e COE devem ser responsabilizados criminalmente por privarem 3 mil testes de Covid-19"},"content":{"rendered":"\n<p>\n\nO vereador Milton Neris (PDT) endureceu o discurso na tribuna da C\u00e2mara de Vereadores de Palmas na manh\u00e3 desta ter\u00e7a-feira, 9, e disse que n\u00e3o admite descaso com a sa\u00fade das fam\u00edlias palmenses. \u201cA gest\u00e3o conseguiu ser irrespons\u00e1vel ao ponto de privar tr\u00eas mil pessoas em Palmas de realizarem testes para Covid-19. E ainda admitiu publicamente esse crime contra vidas humanas. Situa\u00e7\u00e3o grave como esta merece que tanto a prefeita Cinthia Ribeiro (PSDB) quanto o COE (Centro em Operar\u00e3o em Emerg\u00eancia) sejam responsabilizados criminalmente\u201d, argumentou.<\/p>\n\n\n\n<p>O vereador se manifestou ap\u00f3s tomar conhecimento pela imprensa de que a Prefeitura de Palmas admitiu no s\u00e1bado, 6, que deixou de testar cerca de tr\u00eas mil moradores da capital que apresentaram sintomas do novo coronav\u00edrus no come\u00e7o da pandemia. \u201cA pr\u00f3pria diretora de vigil\u00e2ncia em sa\u00fade de Palmas, Marta Malheiros, admitiu o que eu, incansavelmente, venho alertando, que faltou testes, e ela ainda destacou que n\u00e3o faz mais sentido agora testar depois de um m\u00eas dos sintomas\u201d, lembrou.<\/p>\n\n\n\n<p><strong>Testagem<\/strong><\/p>\n\n\n\n<p>Al\u00e9m disso, segundo Neris, a Prefeitura de Palmas informou que de 15 de abril at\u00e9 4 de junho o laborat\u00f3rio municipal realizou apenas 1.055 testes r\u00e1pidos com 230 confirma\u00e7\u00f5es. \u201cVolto a defender que o cen\u00e1rio ideal, conforme defendido por infectologistas, \u00e9 que seja feita a testagem em massa, principalmente focando os sintom\u00e1ticos leves, moderados e graves e os assintom\u00e1ticos que tiveram contato com casos positivos\u201d, sugeriu.<\/p>\n\n\n\n<p>Para o vereador, a maneira como o munic\u00edpio vem conduzindo essa crise pand\u00eamica n\u00e3o lhe permite ficar calado diante de tanto amadorismo. \u201cIsso leva nossa popula\u00e7\u00e3o ao medo e \u00e0 falta de seguran\u00e7a, e n\u00e3o ser\u00e1 poss\u00edvel a curto prazo conseguir mudar essa situa\u00e7\u00e3o e dar garantias a um povo que est\u00e1 sem trabalhar, desempregado e sem mantimentos, pois a gest\u00e3o n\u00e3o conseguiu at\u00e9 hoje doar mais que 6 mil cestas b\u00e1sicas em 90 dias\u201d, apontou.<\/p>\n\n\n\n<p><strong>Subnotifica\u00e7\u00e3o<\/strong><\/p>\n\n\n\n<p>Milton Neris lembrou que a Prefeitura de Palmas disse, em um primeiro momento, que adquiriu 6 mil testes e depois 10 mil testes,&nbsp;<strong>al\u00e9m de 15 mil&nbsp;<\/strong>doados pelo Tribunal de Justi\u00e7a (TJ). \u201cMas, ontem, nenhum teste foi realizado no laborat\u00f3rio municipal. Dos 28 realizados na Capital, 27 foram pelo Lacen (Laborat\u00f3rio Central) e um na rede privada. O que est\u00e1 acontecendo no nosso munic\u00edpio? Pesquisas da Fiocruz dizem que a subnotifica\u00e7\u00e3o de Palmas \u00e9 real e o secret\u00e1rio de sa\u00fade vem \u00e0 imprensa dizer que n\u00e3o h\u00e1 subnotifica\u00e7\u00e3o e que todos est\u00e3o sendo testados em Palmas\u201d, reclamou.<\/p>\n\n\n\n<p>Nesta ter\u00e7a-feira, a Organiza\u00e7\u00e3o Mundial da Sa\u00fade (OMS) disse que a transmiss\u00e3o por casos assintom\u00e1ticos est\u00e1 ocorrendo, mas que a quest\u00e3o \u00e9 saber quanto. \u201cEnt\u00e3o, est\u00e1 a\u00ed a comprova\u00e7\u00e3o de que n\u00e3o podemos ignorar os assintom\u00e1ticos\u201d, completou.<br><br>Segundo o vereador, a Prefeitura est\u00e1 gastando milh\u00f5es de reais com a\u00e7\u00f5es que n\u00e3o tem nenhuma solu\u00e7\u00e3o concreta. \u201cA gest\u00e3o municipal est\u00e1 brincando com vidas. Nove cidad\u00e3os n\u00f3s j\u00e1 perdemos, outros sete foram diagnosticados com s\u00edndrome respirat\u00f3ria aguda, e que por n\u00e3o terem sido testados podem ter morrido pelo coronavirus. Quantas vidas ainda vamos perder por amadorismo na gest\u00e3o? A omiss\u00e3o mata da mesma forma que o v\u00edrus mata\u201d, avisou.<\/p>\n\n\n\n<p><strong>Areia das praias<br><\/strong><br>Por fim, Milton Neris lembrou que a gest\u00e3o de Palmas pretende trocar a areia das praias, algo que n\u00e3o sai barato para o cofre do munic\u00edpio. \u201cAo inv\u00e9s disso, a gest\u00e3o deveria era direcionar investimentos para a\u00e7\u00f5es de fortalecimento da estrutura da sa\u00fade\u201d, pontuou.\n\n<\/p>\n","protected":false},"excerpt":{"rendered":"<p>O vereador Milton Neris (PDT) endureceu o discurso na tribuna da C\u00e2mara de Vereadores de Palmas na manh\u00e3 desta ter\u00e7a-feira, 9, e disse que n\u00e3o admite descaso com a sa\u00fade das fam\u00edlias palmenses. \u201cA gest\u00e3o conseguiu ser irrespons\u00e1vel ao ponto de privar tr\u00eas mil pessoas em Palmas de realizarem testes para Covid-19. E ainda admitiu [&hellip;]<\/p>\n","protected":false},"author":2,"featured_media":5916,"comment_status":"open","ping_status":"open","sticky":false,"template":"","format":"standard","meta":[],"categories":[8],"tags":[],"_links":{"self":[{"href":"https:\/\/dgospel.com.br\/portal\/index.php\/wp-json\/wp\/v2\/posts\/5915"}],"collection":[{"href":"https:\/\/dgospel.com.br\/portal\/index.php\/wp-json\/wp\/v2\/posts"}],"about":[{"href":"https:\/\/dgospel.com.br\/portal\/index.php\/wp-json\/wp\/v2\/types\/post"}],"author":[{"embeddable":true,"href":"https:\/\/dgospel.com.br\/portal\/index.php\/wp-json\/wp\/v2\/users\/2"}],"replies":[{"embeddable":true,"href":"https:\/\/dgospel.com.br\/portal\/index.php\/wp-json\/wp\/v2\/comments?post=5915"}],"version-history":[{"count":2,"href":"https:\/\/dgospel.com.br\/portal\/index.php\/wp-json\/wp\/v2\/posts\/5915\/revisions"}],"predecessor-version":[{"id":5918,"href":"https:\/\/dgospel.com.br\/portal\/index.php\/wp-json\/wp\/v2\/posts\/5915\/revisions\/5918"}],"wp:featuredmedia":[{"embeddable":true,"href":"https:\/\/dgospel.com.br\/portal\/index.php\/wp-json\/wp\/v2\/media\/5916"}],"wp:attachment":[{"href":"https:\/\/dgospel.com.br\/portal\/index.php\/wp-json\/wp\/v2\/media?parent=5915"}],"wp:term":[{"taxonomy":"category","embeddable":true,"href":"https:\/\/dgospel.com.br\/portal\/index.php\/wp-json\/wp\/v2\/categories?post=5915"},{"taxonomy":"post_tag","embeddable":true,"href":"https:\/\/dgospel.com.br\/portal\/index.php\/wp-json\/wp\/v2\/tags?post=5915"}],"curies":[{"name":"wp","href":"https:\/\/api.w.org\/{rel}","templated":true}]}}