{"id":5923,"date":"2020-06-11T10:08:49","date_gmt":"2020-06-11T13:08:49","guid":{"rendered":"http:\/\/dgospel.com.br\/portal\/?p=5923"},"modified":"2020-06-11T10:08:51","modified_gmt":"2020-06-11T13:08:51","slug":"prefeitura-de-palmas-cria-comite-de-igrejas-cristas-para-consulta-de-politicas-publicas-e-de-orcamento","status":"publish","type":"post","link":"https:\/\/dgospel.com.br\/portal\/index.php\/2020\/06\/11\/prefeitura-de-palmas-cria-comite-de-igrejas-cristas-para-consulta-de-politicas-publicas-e-de-orcamento\/","title":{"rendered":"Prefeitura de Palmas cria comit\u00ea de igrejas crist\u00e3s para consulta de pol\u00edticas p\u00fablicas e de or\u00e7amento"},"content":{"rendered":"\n<p>A Prefeitura de Palmas criou um Comit\u00ea Municipal de Igrejas Crist\u00e3s, que deve ser consultado em importantes decis\u00f5es tomadas pela gest\u00e3o, como pol\u00edticas p\u00fablicas na \u00e1rea da educa\u00e7\u00e3o, sa\u00fade, habita\u00e7\u00e3o, regulariza\u00e7\u00e3o fundi\u00e1ria, inclusive nas quest\u00f5es relacionadas ao or\u00e7amento p\u00fablico.<\/p>\n\n\n\n<p>O&nbsp;<strong>G1<\/strong>&nbsp;pediu posicionamento da prefeitura sobre como ser\u00e1 a atua\u00e7\u00e3o e influ\u00eancia desse comit\u00ea nas decis\u00f5es p\u00fablicas e aguarda uma resposta.<\/p>\n\n\n\n<p>O comit\u00ea foi institu\u00eddo atrav\u00e9s de um decreto publicado no Di\u00e1rio Oficial do Munic\u00edpio, desta quarta-feira (10). No mesmo di\u00e1rio,&nbsp;<a href=\"https:\/\/g1.globo.com\/to\/tocantins\/noticia\/2020\/06\/11\/prefeitura-de-palmas-libera-realizacao-de-cultos-e-missas-em-templos-religiosos.ghtml\">a prefeitura tamb\u00e9m liberou a realiza\u00e7\u00e3o de cultos e missas em templos religiosos<\/a>&nbsp;e estabeleceu medidas de distanciamento e higieniza\u00e7\u00e3o para evitar a contamina\u00e7\u00e3o pela Covid-19.<\/p>\n\n\n\n<p>O decreto diz que o comit\u00ea \u00e9 ligado ao gabinete da prefeitura e ser\u00e1 composto por seis membros, representantes de igrejas evang\u00e9licas e cat\u00f3licas:<\/p>\n\n\n\n<ul><li>Pastor Amarildo Martins da Silva &#8211; Igreja Evang\u00e9lica Assembleia de Deus Campo Na\u00e7\u00e3o Madureira;<\/li><li>Arcebispo Metropolitano de Palmas Dom Pedro Brito Guimar\u00e3es &#8211; Arquidiocese de Palmas<\/li><li>Presb\u00edtero Gilberto Ferreira Santos &#8211; Igreja Presbiteriana do Brasil<\/li><li>Pastor Jos\u00e9 Suimar Caetano Ferreira &#8211; 2\u00aa Igreja Evang\u00e9lica Assembleia de Deus Minist\u00e9rio da Miss\u00e3o no Tocantins &#8211; Projeto Restaurando Vida<\/li><li>Padre Eduardo Augusto Zanom &#8211; Catedral Divino Esp\u00edrito Santo<\/li><li>Pastor Genival Gomes de Lima &#8211; Igreja Evang\u00e9lica Assembleia de Deus Ciadseta.<\/li><\/ul>\n\n\n\n\n\n<p>O decreto diz que o mandato dos membros do Comic \u00e9 de um ano e que o comit\u00ea vai se reunir duas vezes por m\u00eas. O documento explica ainda que a partir do segundo mandato, dever\u00e1 ser composto por membros indicados pelos segmentos representativos das igrejas evang\u00e9licas e cat\u00f3licas.<\/p>\n\n\n\n<p>O presidente e o vice do comit\u00ea dever\u00e3o ser escolhidos, por meio de vota\u00e7\u00e3o aberta, na primeira reuni\u00e3o.<\/p>\n\n\n\n<p>Ainda conforme o decreto, os \u00f3rg\u00e3os e entidades municipais dar\u00e3o prioridade no fornecimento de informa\u00e7\u00f5es, dados e documentos necess\u00e1rios ao desenvolvimento das atividades do comit\u00ea.<\/p>\n\n\n\n<p>Fonte:  <strong>G1 Tocantins<\/strong> <\/p>\n","protected":false},"excerpt":{"rendered":"<p>A Prefeitura de Palmas criou um Comit\u00ea Municipal de Igrejas Crist\u00e3s, que deve ser consultado em importantes decis\u00f5es tomadas pela gest\u00e3o, como pol\u00edticas p\u00fablicas na \u00e1rea da educa\u00e7\u00e3o, sa\u00fade, habita\u00e7\u00e3o, regulariza\u00e7\u00e3o fundi\u00e1ria, inclusive nas quest\u00f5es relacionadas ao or\u00e7amento p\u00fablico. O&nbsp;G1&nbsp;pediu posicionamento da prefeitura sobre como ser\u00e1 a atua\u00e7\u00e3o e influ\u00eancia desse comit\u00ea nas decis\u00f5es p\u00fablicas [&hellip;]<\/p>\n","protected":false},"author":2,"featured_media":5924,"comment_status":"open","ping_status":"open","sticky":false,"template":"","format":"standard","meta":[],"categories":[5,4],"tags":[],"_links":{"self":[{"href":"https:\/\/dgospel.com.br\/portal\/index.php\/wp-json\/wp\/v2\/posts\/5923"}],"collection":[{"href":"https:\/\/dgospel.com.br\/portal\/index.php\/wp-json\/wp\/v2\/posts"}],"about":[{"href":"https:\/\/dgospel.com.br\/portal\/index.php\/wp-json\/wp\/v2\/types\/post"}],"author":[{"embeddable":true,"href":"https:\/\/dgospel.com.br\/portal\/index.php\/wp-json\/wp\/v2\/users\/2"}],"replies":[{"embeddable":true,"href":"https:\/\/dgospel.com.br\/portal\/index.php\/wp-json\/wp\/v2\/comments?post=5923"}],"version-history":[{"count":1,"href":"https:\/\/dgospel.com.br\/portal\/index.php\/wp-json\/wp\/v2\/posts\/5923\/revisions"}],"predecessor-version":[{"id":5925,"href":"https:\/\/dgospel.com.br\/portal\/index.php\/wp-json\/wp\/v2\/posts\/5923\/revisions\/5925"}],"wp:featuredmedia":[{"embeddable":true,"href":"https:\/\/dgospel.com.br\/portal\/index.php\/wp-json\/wp\/v2\/media\/5924"}],"wp:attachment":[{"href":"https:\/\/dgospel.com.br\/portal\/index.php\/wp-json\/wp\/v2\/media?parent=5923"}],"wp:term":[{"taxonomy":"category","embeddable":true,"href":"https:\/\/dgospel.com.br\/portal\/index.php\/wp-json\/wp\/v2\/categories?post=5923"},{"taxonomy":"post_tag","embeddable":true,"href":"https:\/\/dgospel.com.br\/portal\/index.php\/wp-json\/wp\/v2\/tags?post=5923"}],"curies":[{"name":"wp","href":"https:\/\/api.w.org\/{rel}","templated":true}]}}