{"id":5926,"date":"2020-06-11T10:23:21","date_gmt":"2020-06-11T13:23:21","guid":{"rendered":"http:\/\/dgospel.com.br\/portal\/?p=5926"},"modified":"2020-06-11T10:23:22","modified_gmt":"2020-06-11T13:23:22","slug":"prefeitura-de-palmas-libera-realizacao-de-cultos-e-estabelece-medidas-de-restricoes","status":"publish","type":"post","link":"https:\/\/dgospel.com.br\/portal\/index.php\/2020\/06\/11\/prefeitura-de-palmas-libera-realizacao-de-cultos-e-estabelece-medidas-de-restricoes\/","title":{"rendered":"Prefeitura de Palmas libera realiza\u00e7\u00e3o de cultos e estabelece medidas de restri\u00e7\u00f5es"},"content":{"rendered":"\n<h1>&nbsp;<\/h1>\n\n\n\n<p>A Prefeitura de Palmas liberou a\nrealiza\u00e7\u00e3o de cultos e missas em templos religiosos. O decreto que traz a\nlibera\u00e7\u00e3o foi publicado no Di\u00e1rio Oficial do Munic\u00edpio desta quarta-feira (10)\ne estabelece medidas de restri\u00e7\u00f5es que devem ser adotadas durante o per\u00edodo de\nenfrentamento da pandemia do novo coronav\u00edrus.<\/p>\n\n\n\n<p>Para a realiza\u00e7\u00e3o das celebra\u00e7\u00f5es, os\nl\u00edderes precisam seguir as regras, como por exemplo, respeitar a lota\u00e7\u00e3o m\u00e1xima\nde 30% da capacidade do templo. Al\u00e9m disso, todos os fi\u00e9is devem usar m\u00e1scaras\nde prote\u00e7\u00e3o durante o per\u00edodo em que estiverem no local; exceto para aqueles\nque estiverem ministrando as liturgias e as m\u00fasicas.<\/p>\n\n\n\n<p><strong>Veja\naqui as outras regras:<\/strong><\/p>\n\n\n\n<ul><li>os lugares de assento dever\u00e3o ser\ndisponibilizados de forma alternada entre as fileiras de cadeiras ou bancos,\ndevendo ser retirados ou bloqueados aqueles que n\u00e3o podem ser ocupados.<\/li><li>assegurar que todas as pessoas, ao\nentrarem no templo, higienizem as m\u00e3os com \u00e1lcool gel 70%, disponibilizado por\nmeio de dispensadores na porta, na secretaria, nos locais em que possam ser\nrealizadas as grava\u00e7\u00f5es para transmiss\u00e3o de cultos e missas e recep\u00e7\u00e3o;<\/li><li>adotar medidas internas,\nespecialmente aquelas relacionados \u00e0 sa\u00fade no trabalho;<\/li><li>sempre que poss\u00edvel, manter todas as\n\u00e1reas ventiladas, incluindo, locais de alimenta\u00e7\u00e3o;<\/li><li>realizar procedimentos que garantam a\nhigieniza\u00e7\u00e3o do templo, intensificar a limpeza das \u00e1reas internas com\ndesinfetantes pr\u00f3prios para a finalidade e realizar frequente desinfec\u00e7\u00e3o com\n\u00e1lcool 70% nas superf\u00edcies, como ma\u00e7anetas, mesas, teclados, mouse, materiais\nde escrit\u00f3rio, balc\u00f5es, corrim\u00e3os, interruptores, banheiros, lavat\u00f3rios, pisos,\nentre outros;<\/li><li>os atendimentos dos fi\u00e9is devem ser\nfeitos com hor\u00e1rio agendado, com dist\u00e2ncia m\u00ednima de dois metros entre as\npessoas, exceto para fam\u00edlias;<\/li><li>o atendimento dos fi\u00e9is que fazem\nparte dos grupos de risco, como idosos, hipertensos, diab\u00e9ticos e gestantes\ndeve ser feito em domic\u00edlio;<\/li><\/ul>\n\n\n\n<p>O decreto diz tamb\u00e9m que os l\u00edderes\ndevem orientar aos frequentadores que n\u00e3o poder\u00e3o participar das celebra\u00e7\u00f5es e\nliturgias caso apresentem sintimas de resfriado e gripe.<\/p>\n\n\n\n<p>O cumprimento das regras ser\u00e1\nfiscalizado pelas equipes de vigil\u00e2ncia sanit\u00e1ria e \u00f3rg\u00e3os de seguran\u00e7a\np\u00fablica. Aqueles que n\u00e3o cumprirem o que estabelece o decreto ficam sujeitos \u00e0s\npenalidades administrativas, civis e criminais, inclusive a cassa\u00e7\u00e3o do alvar\u00e1\ncaso haja reincid\u00eancia.<\/p>\n","protected":false},"excerpt":{"rendered":"<p>&nbsp; A Prefeitura de Palmas liberou a realiza\u00e7\u00e3o de cultos e missas em templos religiosos. O decreto que traz a libera\u00e7\u00e3o foi publicado no Di\u00e1rio Oficial do Munic\u00edpio desta quarta-feira (10) e estabelece medidas de restri\u00e7\u00f5es que devem ser adotadas durante o per\u00edodo de enfrentamento da pandemia do novo coronav\u00edrus. Para a realiza\u00e7\u00e3o das celebra\u00e7\u00f5es, [&hellip;]<\/p>\n","protected":false},"author":2,"featured_media":5927,"comment_status":"open","ping_status":"open","sticky":false,"template":"","format":"standard","meta":[],"categories":[5,4],"tags":[],"_links":{"self":[{"href":"https:\/\/dgospel.com.br\/portal\/index.php\/wp-json\/wp\/v2\/posts\/5926"}],"collection":[{"href":"https:\/\/dgospel.com.br\/portal\/index.php\/wp-json\/wp\/v2\/posts"}],"about":[{"href":"https:\/\/dgospel.com.br\/portal\/index.php\/wp-json\/wp\/v2\/types\/post"}],"author":[{"embeddable":true,"href":"https:\/\/dgospel.com.br\/portal\/index.php\/wp-json\/wp\/v2\/users\/2"}],"replies":[{"embeddable":true,"href":"https:\/\/dgospel.com.br\/portal\/index.php\/wp-json\/wp\/v2\/comments?post=5926"}],"version-history":[{"count":1,"href":"https:\/\/dgospel.com.br\/portal\/index.php\/wp-json\/wp\/v2\/posts\/5926\/revisions"}],"predecessor-version":[{"id":5928,"href":"https:\/\/dgospel.com.br\/portal\/index.php\/wp-json\/wp\/v2\/posts\/5926\/revisions\/5928"}],"wp:featuredmedia":[{"embeddable":true,"href":"https:\/\/dgospel.com.br\/portal\/index.php\/wp-json\/wp\/v2\/media\/5927"}],"wp:attachment":[{"href":"https:\/\/dgospel.com.br\/portal\/index.php\/wp-json\/wp\/v2\/media?parent=5926"}],"wp:term":[{"taxonomy":"category","embeddable":true,"href":"https:\/\/dgospel.com.br\/portal\/index.php\/wp-json\/wp\/v2\/categories?post=5926"},{"taxonomy":"post_tag","embeddable":true,"href":"https:\/\/dgospel.com.br\/portal\/index.php\/wp-json\/wp\/v2\/tags?post=5926"}],"curies":[{"name":"wp","href":"https:\/\/api.w.org\/{rel}","templated":true}]}}