{"id":5945,"date":"2020-06-15T11:31:37","date_gmt":"2020-06-15T14:31:37","guid":{"rendered":"http:\/\/dgospel.com.br\/portal\/?p=5945"},"modified":"2020-06-15T11:31:39","modified_gmt":"2020-06-15T14:31:39","slug":"ministro-da-justica-pede-respeito-a-vontade-das-urnas","status":"publish","type":"post","link":"https:\/\/dgospel.com.br\/portal\/index.php\/2020\/06\/15\/ministro-da-justica-pede-respeito-a-vontade-das-urnas\/","title":{"rendered":"Ministro da Justi\u00e7a pede respeito \u00e0 \u201cvontade das urnas\u201d"},"content":{"rendered":"\n<p> O ministro da Justi\u00e7a Andr\u00e9 Mendon\u00e7a divulgou, neste domingo (14), em que afirma que \u00e9 preciso \u201crespeitar a vontade das urnas e o voto popular\u201d. A nota surge no momento em que a sede do Supremo Tribunal Federal foi alvo de fogos de artif\u00edcios disparados por manifestantes insatisfeitos com os ministros.<\/p>\n\n\n\n<p> \u2013 A democracia pressup\u00f5e, acima de tudo, que todo poder emana do povo. Por isso, todas as institui\u00e7\u00f5es devem respeit\u00e1-lo. Devemos respeitar a vontade das urnas e o voto popular. Devemos agir por este povo, compreend\u00ea-lo e ver sua cr\u00edtica e manifesta\u00e7\u00e3o com humildade. Na democracia, a voz popular \u00e9 soberana \u2013 diz um trecho da nota.<\/p>\n\n\n\n<p>Mendon\u00e7a tamb\u00e9m pregou pela harmonia entre os poderes e o respeito \u00e0s institui\u00e7\u00f5es.<\/p>\n\n\n\n<p>\u2013 A democracia pressup\u00f5e o respeito \u00e0s suas institui\u00e7\u00f5es democr\u00e1ticas. Qualquer a\u00e7\u00e3o relacionada \u00e0 Presid\u00eancia da Rep\u00fablica, ao Congresso Nacional, ao STF ou qualquer institui\u00e7\u00e3o de Estado deve pautar-se por esse respeito \u2013 escreveu.<\/p>\n\n\n\n<p>O ministro encerra a nota pedindo que todos fa\u00e7am uma \u201cautocr\u00edtica\u201d.<\/p>\n\n\n\n<p>\u2013 Portanto, todos devemos fazer uma autocr\u00edtica. N\u00e3o h\u00e1 espa\u00e7o para vaidades. O momento \u00e9 de uni\u00e3o. O Brasil e seu povo devem estar em 1\u00ba lugar \u2013 disse.<\/p>\n","protected":false},"excerpt":{"rendered":"<p>O ministro da Justi\u00e7a Andr\u00e9 Mendon\u00e7a divulgou, neste domingo (14), em que afirma que \u00e9 preciso \u201crespeitar a vontade das urnas e o voto popular\u201d. A nota surge no momento em que a sede do Supremo Tribunal Federal foi alvo de fogos de artif\u00edcios disparados por manifestantes insatisfeitos com os ministros. \u2013 A democracia pressup\u00f5e, [&hellip;]<\/p>\n","protected":false},"author":2,"featured_media":5946,"comment_status":"open","ping_status":"open","sticky":false,"template":"","format":"standard","meta":[],"categories":[6,4],"tags":[],"_links":{"self":[{"href":"https:\/\/dgospel.com.br\/portal\/index.php\/wp-json\/wp\/v2\/posts\/5945"}],"collection":[{"href":"https:\/\/dgospel.com.br\/portal\/index.php\/wp-json\/wp\/v2\/posts"}],"about":[{"href":"https:\/\/dgospel.com.br\/portal\/index.php\/wp-json\/wp\/v2\/types\/post"}],"author":[{"embeddable":true,"href":"https:\/\/dgospel.com.br\/portal\/index.php\/wp-json\/wp\/v2\/users\/2"}],"replies":[{"embeddable":true,"href":"https:\/\/dgospel.com.br\/portal\/index.php\/wp-json\/wp\/v2\/comments?post=5945"}],"version-history":[{"count":1,"href":"https:\/\/dgospel.com.br\/portal\/index.php\/wp-json\/wp\/v2\/posts\/5945\/revisions"}],"predecessor-version":[{"id":5947,"href":"https:\/\/dgospel.com.br\/portal\/index.php\/wp-json\/wp\/v2\/posts\/5945\/revisions\/5947"}],"wp:featuredmedia":[{"embeddable":true,"href":"https:\/\/dgospel.com.br\/portal\/index.php\/wp-json\/wp\/v2\/media\/5946"}],"wp:attachment":[{"href":"https:\/\/dgospel.com.br\/portal\/index.php\/wp-json\/wp\/v2\/media?parent=5945"}],"wp:term":[{"taxonomy":"category","embeddable":true,"href":"https:\/\/dgospel.com.br\/portal\/index.php\/wp-json\/wp\/v2\/categories?post=5945"},{"taxonomy":"post_tag","embeddable":true,"href":"https:\/\/dgospel.com.br\/portal\/index.php\/wp-json\/wp\/v2\/tags?post=5945"}],"curies":[{"name":"wp","href":"https:\/\/api.w.org\/{rel}","templated":true}]}}