{"id":5954,"date":"2020-06-16T11:37:35","date_gmt":"2020-06-16T14:37:35","guid":{"rendered":"http:\/\/dgospel.com.br\/portal\/?p=5954"},"modified":"2020-06-16T11:37:37","modified_gmt":"2020-06-16T14:37:37","slug":"vigilancia-sanitaria-de-palmas-acompanha-cumprimento-de-regras-para-retomada-gradativa-do-comercio","status":"publish","type":"post","link":"https:\/\/dgospel.com.br\/portal\/index.php\/2020\/06\/16\/vigilancia-sanitaria-de-palmas-acompanha-cumprimento-de-regras-para-retomada-gradativa-do-comercio\/","title":{"rendered":"Vigil\u00e2ncia Sanit\u00e1ria de Palmas acompanha cumprimento de regras para retomada gradativa do com\u00e9rcio"},"content":{"rendered":"\n<p>A Vigil\u00e2ncia Sanit\u00e1ria Municipal de Palmas (Visa) iniciou visitas para acompanhar o cumprimento de protocolos de seguran\u00e7a durante a reabertura de shoppings centers, bares, restaurantes, lanchonetes e academias nesta segunda-feira, 15. Os estabelecimentos, que estavam vedados de atender o p\u00fablico de forma presencial&nbsp; como medida de preven\u00e7\u00e3o \u00e0 prolifera\u00e7\u00e3o do novo coronav\u00edrus (Covid-19), est\u00e3o entre os liberados nesta segunda etapa da a\u00e7\u00e3o gradativa de reabertura do com\u00e9rcio, que estabelece uma s\u00e9rie de medidas sanit\u00e1rias.<\/p>\n\n\n\n<p>Dentre algumas medidas elencadas pela Prefeitura de Palmas para que esses segmentos do com\u00e9rcio voltem a funcionar h\u00e1 o distanciamento entre pessoas, o uso obrigat\u00f3rio de m\u00e1scara, a redu\u00e7\u00e3o da capacidade de p\u00fablico, a verifica\u00e7\u00e3o cont\u00ednua da sa\u00fade dos funcion\u00e1rios, a altern\u00e2ncia de hor\u00e1rio de funcion\u00e1rios para que o transporte p\u00fablico n\u00e3o sofra superlota\u00e7\u00e3o, a disponibilidade de \u00e1reas para que o cliente possa fazer higieniza\u00e7\u00e3o, bem como a limpeza e desinfec\u00e7\u00e3o dos ambientes. Mais detalhes das medidas sanit\u00e1rias podem ser conferidas no Decreto N\u00ba 1.903, de 5 de junho de 2020, dispon\u00edvel no&nbsp;<a rel=\"noreferrer noopener\" target=\"_blank\" href=\"http:\/\/diariooficial.palmas.to.gov.br\/media\/diario\/2504-5-6-2020-22-35-12.pdf\">Di\u00e1rio Oficial do Munic\u00edpio N\u00b0 2.504.&nbsp;<\/a><\/p>\n\n\n\n<p>Segundo a gerente da Vigil\u00e2ncia Sanit\u00e1ria, Joselita Monteiro, os estabelecimentos fizeram ades\u00e3o aos protocolos e ser\u00e3o fiscalizados. Ela explica que o acompanhamento ocorrer\u00e1 por meio de inspe\u00e7\u00e3o in loco, que j\u00e1 teve in\u00edcio ainda na manh\u00e3 desta segunda.<br><\/p>\n\n\n\n<p>Os comerciantes podem acessar os Protocolos Sanit\u00e1rios Geral e Espec\u00edficos e assinar o Termo de Ci\u00eancia por meio do<a rel=\"noreferrer noopener\" target=\"_blank\" href=\"http:\/\/retomaeconomia.palmas.to.gov.br\/\">&nbsp;link<\/a><\/p>\n\n\n\n<p><strong>Fiscaliza\u00e7\u00e3o<\/strong><\/p>\n\n\n\n<p>Neste primeiro momento de fiscaliza\u00e7\u00e3o, a Visa far\u00e1 uma abordagem de orienta\u00e7\u00e3o. Posteriormente, em caso de descumprimento dos protocolos, os estabelecimentos poder\u00e3o ser autuados e at\u00e9 interditados provisoriamente em caso de reincid\u00eancia.<\/p>\n\n\n\n<p>A Visa tamb\u00e9m acompanha o funcionamento de outras lojas e com\u00e9rcio em geral que tiveram a concess\u00e3o para atuar durante as etapas anteriores da reabertura gradativa do com\u00e9rcio, tais como feiras, casas lot\u00e9ricas, lojas de materiais de constru\u00e7\u00e3o civil, lojas de conveni\u00eancia em postos de combust\u00edvel, distribuidoras de bebidas e outros.<\/p>\n\n\n\n<p>Desde o in\u00edcio da pandemia, a Vigil\u00e2ncia realizou 955 atendimentos ao telefone, 848 orienta\u00e7\u00f5es por telefone, 801 rondas diurnas e noturnas e atendimentos realizados, 239 den\u00fancias recebidas e ainda 119 documentos decorrentes de a\u00e7\u00f5es fiscais. \u201cEm detrimento da emerg\u00eancia desse per\u00edodo cr\u00edtico, priorizamos os servi\u00e7os da Visa para atendimento das demandas de enfrentamento da pandemia. Todos os esfor\u00e7os t\u00eam sido no sentido de garantir o cumprimento dos regramentos, com foco em medidas sanit\u00e1rias impostas para o controle da dissemina\u00e7\u00e3o da doen\u00e7a\u201d, finaliza Joselita.<\/p>\n","protected":false},"excerpt":{"rendered":"<p>A Vigil\u00e2ncia Sanit\u00e1ria Municipal de Palmas (Visa) iniciou visitas para acompanhar o cumprimento de protocolos de seguran\u00e7a durante a reabertura de shoppings centers, bares, restaurantes, lanchonetes e academias nesta segunda-feira, 15. Os estabelecimentos, que estavam vedados de atender o p\u00fablico de forma presencial&nbsp; como medida de preven\u00e7\u00e3o \u00e0 prolifera\u00e7\u00e3o do novo coronav\u00edrus (Covid-19), est\u00e3o entre [&hellip;]<\/p>\n","protected":false},"author":2,"featured_media":5955,"comment_status":"open","ping_status":"open","sticky":false,"template":"","format":"standard","meta":[],"categories":[3],"tags":[],"_links":{"self":[{"href":"https:\/\/dgospel.com.br\/portal\/index.php\/wp-json\/wp\/v2\/posts\/5954"}],"collection":[{"href":"https:\/\/dgospel.com.br\/portal\/index.php\/wp-json\/wp\/v2\/posts"}],"about":[{"href":"https:\/\/dgospel.com.br\/portal\/index.php\/wp-json\/wp\/v2\/types\/post"}],"author":[{"embeddable":true,"href":"https:\/\/dgospel.com.br\/portal\/index.php\/wp-json\/wp\/v2\/users\/2"}],"replies":[{"embeddable":true,"href":"https:\/\/dgospel.com.br\/portal\/index.php\/wp-json\/wp\/v2\/comments?post=5954"}],"version-history":[{"count":1,"href":"https:\/\/dgospel.com.br\/portal\/index.php\/wp-json\/wp\/v2\/posts\/5954\/revisions"}],"predecessor-version":[{"id":5956,"href":"https:\/\/dgospel.com.br\/portal\/index.php\/wp-json\/wp\/v2\/posts\/5954\/revisions\/5956"}],"wp:featuredmedia":[{"embeddable":true,"href":"https:\/\/dgospel.com.br\/portal\/index.php\/wp-json\/wp\/v2\/media\/5955"}],"wp:attachment":[{"href":"https:\/\/dgospel.com.br\/portal\/index.php\/wp-json\/wp\/v2\/media?parent=5954"}],"wp:term":[{"taxonomy":"category","embeddable":true,"href":"https:\/\/dgospel.com.br\/portal\/index.php\/wp-json\/wp\/v2\/categories?post=5954"},{"taxonomy":"post_tag","embeddable":true,"href":"https:\/\/dgospel.com.br\/portal\/index.php\/wp-json\/wp\/v2\/tags?post=5954"}],"curies":[{"name":"wp","href":"https:\/\/api.w.org\/{rel}","templated":true}]}}