{"id":5960,"date":"2020-06-17T10:50:42","date_gmt":"2020-06-17T13:50:42","guid":{"rendered":"http:\/\/dgospel.com.br\/portal\/?p=5960"},"modified":"2020-06-17T10:50:57","modified_gmt":"2020-06-17T13:50:57","slug":"bolsonaro-nao-posso-assistir-calado-direitos-serem-violados","status":"publish","type":"post","link":"https:\/\/dgospel.com.br\/portal\/index.php\/2020\/06\/17\/bolsonaro-nao-posso-assistir-calado-direitos-serem-violados\/","title":{"rendered":"Bolsonaro: \u2018N\u00e3o posso assistir calado direitos serem violados\u2019"},"content":{"rendered":"\n<p> Na noite desta ter\u00e7a-feira (16), o presidente Jair Bolsonaro (sem partido) usou uma rede social para se manifestar a respeito de aliados do governo que tiveram sigilos banc\u00e1rios quebrados e foram alvo de uma investiga\u00e7\u00e3o da Pol\u00edcia Federal (PF). <\/p>\n\n\n\n<p> O chefe do Executivo disse que que n\u00e3o pode assistir calado enquanto direitos s\u00e3o violados e ideias perseguidas. Ele falou ainda em tomar medidas legais para proteger os brasileiros. <\/p>\n\n\n\n<p>\u2013 Luto para fazer a minha parte, mas n\u00e3o posso assistir calado enquanto direitos s\u00e3o violados e ideias s\u00e3o perseguidas. Por isso, tomarei todas as medidas legais poss\u00edveis para proteger a Constitui\u00e7\u00e3o e a liberdade do dos brasileiros \u2013 escreveu.<\/p>\n\n\n\n<p>Bolsonaro tamb\u00e9m fez uma reflex\u00e3o sobre o que \u00e9 democracia.<\/p>\n\n\n\n<p>\u2013 S\u00f3 pode haver democracia onde o povo \u00e9 respeitado, onde os governados escolhem quem ir\u00e1 govern\u00e1-los e onde as liberdades fundamentais s\u00e3o protegidas. \u00c9 o povo que legitima as institui\u00e7\u00f5es, e n\u00e3o o contr\u00e1rio. Isso sim \u00e9 democracia. Queremos, acima de tudo, preservar a nossa democracia. E fingir naturalidade diante de tudo que est\u00e1 acontecendo s\u00f3 contribuiria para a sua completa destrui\u00e7\u00e3o. Nada \u00e9 mais autorit\u00e1rio do que atentar contra a liberdade de seu pr\u00f3prio povo.<\/p>\n\n\n\n<p><a href=\"https:\/\/twitter.com\/jairbolsonaro\"><br>Jair M. Bolsonaro@jairbolsonaro<\/a>&#8211; Luto para fazer a minha parte, mas n\u00e3o posso assistir calado enquanto direitos s\u00e3o violados e ideias s\u00e3o perseguidas. Por isso, tomarei todas as medidas legais poss\u00edveis para proteger a Constitui\u00e7\u00e3o e a liberdade do dos brasileiros.\n\nBRASIL ACIMA DE TUDO; DEUS ACIMA DE TODOS!\n\n<\/p>\n\n\n\n<p><br><\/p>\n","protected":false},"excerpt":{"rendered":"<p>Na noite desta ter\u00e7a-feira (16), o presidente Jair Bolsonaro (sem partido) usou uma rede social para se manifestar a respeito de aliados do governo que tiveram sigilos banc\u00e1rios quebrados e foram alvo de uma investiga\u00e7\u00e3o da Pol\u00edcia Federal (PF). O chefe do Executivo disse que que n\u00e3o pode assistir calado enquanto direitos s\u00e3o violados e [&hellip;]<\/p>\n","protected":false},"author":2,"featured_media":5961,"comment_status":"open","ping_status":"open","sticky":false,"template":"","format":"standard","meta":[],"categories":[6,4],"tags":[],"_links":{"self":[{"href":"https:\/\/dgospel.com.br\/portal\/index.php\/wp-json\/wp\/v2\/posts\/5960"}],"collection":[{"href":"https:\/\/dgospel.com.br\/portal\/index.php\/wp-json\/wp\/v2\/posts"}],"about":[{"href":"https:\/\/dgospel.com.br\/portal\/index.php\/wp-json\/wp\/v2\/types\/post"}],"author":[{"embeddable":true,"href":"https:\/\/dgospel.com.br\/portal\/index.php\/wp-json\/wp\/v2\/users\/2"}],"replies":[{"embeddable":true,"href":"https:\/\/dgospel.com.br\/portal\/index.php\/wp-json\/wp\/v2\/comments?post=5960"}],"version-history":[{"count":2,"href":"https:\/\/dgospel.com.br\/portal\/index.php\/wp-json\/wp\/v2\/posts\/5960\/revisions"}],"predecessor-version":[{"id":5963,"href":"https:\/\/dgospel.com.br\/portal\/index.php\/wp-json\/wp\/v2\/posts\/5960\/revisions\/5963"}],"wp:featuredmedia":[{"embeddable":true,"href":"https:\/\/dgospel.com.br\/portal\/index.php\/wp-json\/wp\/v2\/media\/5961"}],"wp:attachment":[{"href":"https:\/\/dgospel.com.br\/portal\/index.php\/wp-json\/wp\/v2\/media?parent=5960"}],"wp:term":[{"taxonomy":"category","embeddable":true,"href":"https:\/\/dgospel.com.br\/portal\/index.php\/wp-json\/wp\/v2\/categories?post=5960"},{"taxonomy":"post_tag","embeddable":true,"href":"https:\/\/dgospel.com.br\/portal\/index.php\/wp-json\/wp\/v2\/tags?post=5960"}],"curies":[{"name":"wp","href":"https:\/\/api.w.org\/{rel}","templated":true}]}}