{"id":5967,"date":"2020-06-17T11:02:30","date_gmt":"2020-06-17T14:02:30","guid":{"rendered":"http:\/\/dgospel.com.br\/portal\/?p=5967"},"modified":"2020-06-17T11:02:31","modified_gmt":"2020-06-17T14:02:31","slug":"meio-ambiente-adota-medidas-de-reducao-de-consumo-dentro-do-orgao-e-apresenta-resultados-positivos","status":"publish","type":"post","link":"https:\/\/dgospel.com.br\/portal\/index.php\/2020\/06\/17\/meio-ambiente-adota-medidas-de-reducao-de-consumo-dentro-do-orgao-e-apresenta-resultados-positivos\/","title":{"rendered":"Meio Ambiente adota medidas de redu\u00e7\u00e3o de consumo dentro do \u00f3rg\u00e3o e apresenta resultados positivos"},"content":{"rendered":"\n<p>As pr\u00e1ticas sustent\u00e1veis adotadas pela Secretaria do Meio Ambiente e Recursos H\u00eddricos (Semarh), intensificadas nos \u00faltimos tr\u00eas meses, apresentaram resultados positivos com a redu\u00e7\u00e3o dos gastos dentro da institui\u00e7\u00e3o. As orienta\u00e7\u00f5es dadas buscam manter a qualidade na execu\u00e7\u00e3o do trabalho fornecido para a popula\u00e7\u00e3o, e ao mesmo tempo evitar desperd\u00edcios.&nbsp;<\/p>\n\n\n\n<p>Segundo o secret\u00e1rio da Semarh, Renato Jayme, \u201cessa economia \u00e9 reflexo do esfor\u00e7o e compreens\u00e3o por parte dos servidores que s\u00e3o conscientes da necessidade de reduzir os gastos\u201d, afirma. O secret\u00e1rio ainda destaca que \u201ca Semarh tem como prioridade no desenvolvimento das suas atividades a preserva\u00e7\u00e3o e a educa\u00e7\u00e3o ambiental, e atrelado a isso, tem conseguido gerir melhor os recursos evitando despesas desnecess\u00e1rias\u201d.&nbsp;<br>A Secretaria tamb\u00e9m adota outras pr\u00e1ticas sustent\u00e1veis com o objetivo de estimular a preserva\u00e7\u00e3o ambiental, dentre elas, est\u00e1 a n\u00e3o utiliza\u00e7\u00e3o de copos descart\u00e1veis nas depend\u00eancias da institui\u00e7\u00e3o. Outra pr\u00e1tica da Semarh se refere ao consumo reduzido de papel A4 para impress\u00e3o, sendo prioridade a produ\u00e7\u00e3o de documentos no formato digitalizado, isso gera automaticamente a economia de gastos com a loca\u00e7\u00e3o de m\u00e1quinas de impress\u00e3o.<br>A gerente geral de administra\u00e7\u00e3o da Semarh, Janaini Rodrigues frisa que \u201ca Secretaria apresentou redu\u00e7\u00e3o no consumo de energia el\u00e9trica devido a conscientiza\u00e7\u00e3o dos servidores quanto ao desligamento dos equipamentos no fim do expediente\u201d. Ainda segundo a gerente \u201ccom a diminui\u00e7\u00e3o da carga horaria de trabalho tamb\u00e9m foi poss\u00edvel reduzir significativamente o consumo de \u00e1gua, e isso refletiu nas baixas tarifas a serem pagas\u201d.<br>A Semarh funciona como ponto de recebimento de materiais para reciclagem, tais como papel e pl\u00e1sticos. Todo o material recolhido pelo \u00f3rg\u00e3o \u00e9 destinado para a Associa\u00e7\u00e3o de Catadores de Materiais Recicl\u00e1veis da Regi\u00e3o Norte de Palmas (Ascampa). Esse servi\u00e7o tem como finalidade dar a destina\u00e7\u00e3o correta aos materiais e evitar que sejam descartados no meio ambiente.<br>O \u00f3rg\u00e3o conta com uma comiss\u00e3o interna da A3P (Programa Agenda Ambiental na Administra\u00e7\u00e3o P\u00fablica) que \u00e9 respons\u00e1vel pela implanta\u00e7\u00e3o e verifica\u00e7\u00e3o de todas as a\u00e7\u00f5es desenvolvidas na institui\u00e7\u00e3o no que diz respeito \u00e0s boas pr\u00e1ticas sustent\u00e1veis. Dentre os trabalhos desenvolvidos pelo programa est\u00e1 a instala\u00e7\u00e3o de lixeiras m\u00f3veis no primeiro piso da Semarh. Outra atividade que est\u00e1 em desenvolvimento pelo \u00f3rg\u00e3o em parceria com o Hospital do Amor \u00e9 um projeto para recolhimento de tampas de garrafa pets e lacres de alum\u00ednios para reciclagem, dando forma a novas cadeiras de rodas.&nbsp;<br><strong>A3P<\/strong><br>O programa A3P foi criado pelo Minist\u00e9rio do Meio Ambiente (MMA) com o objetivo de promover e incentivar as institui\u00e7\u00f5es p\u00fablicas e privadas no pa\u00eds a adotarem e implantarem a\u00e7\u00f5es na \u00e1rea de responsabilidade socioambiental em suas atividades internas e externas. \u00c9 uma iniciativa volunt\u00e1ria e que demanda engajamento pessoal e coletivo. As institui\u00e7\u00f5es e seus funcion\u00e1rios s\u00e3o incentivados a adotar a\u00e7\u00f5es sustent\u00e1veis no ambiente de trabalho, desde pequenas mudan\u00e7as de h\u00e1bito, at\u00e9 atitudes que geram economia, com base em cinco eixos tem\u00e1ticos: uso racional dos recursos naturais e bens p\u00fablicos, gest\u00e3o adequada dos res\u00edduos gerados, qualidade de vida no ambiente de trabalho, sensibiliza\u00e7\u00e3o e capacita\u00e7\u00e3o e licita\u00e7\u00f5es sustent\u00e1veis.<\/p>\n","protected":false},"excerpt":{"rendered":"<p>As pr\u00e1ticas sustent\u00e1veis adotadas pela Secretaria do Meio Ambiente e Recursos H\u00eddricos (Semarh), intensificadas nos \u00faltimos tr\u00eas meses, apresentaram resultados positivos com a redu\u00e7\u00e3o dos gastos dentro da institui\u00e7\u00e3o. As orienta\u00e7\u00f5es dadas buscam manter a qualidade na execu\u00e7\u00e3o do trabalho fornecido para a popula\u00e7\u00e3o, e ao mesmo tempo evitar desperd\u00edcios.&nbsp; Segundo o secret\u00e1rio da Semarh, [&hellip;]<\/p>\n","protected":false},"author":2,"featured_media":5968,"comment_status":"open","ping_status":"open","sticky":false,"template":"","format":"standard","meta":[],"categories":[3],"tags":[],"_links":{"self":[{"href":"https:\/\/dgospel.com.br\/portal\/index.php\/wp-json\/wp\/v2\/posts\/5967"}],"collection":[{"href":"https:\/\/dgospel.com.br\/portal\/index.php\/wp-json\/wp\/v2\/posts"}],"about":[{"href":"https:\/\/dgospel.com.br\/portal\/index.php\/wp-json\/wp\/v2\/types\/post"}],"author":[{"embeddable":true,"href":"https:\/\/dgospel.com.br\/portal\/index.php\/wp-json\/wp\/v2\/users\/2"}],"replies":[{"embeddable":true,"href":"https:\/\/dgospel.com.br\/portal\/index.php\/wp-json\/wp\/v2\/comments?post=5967"}],"version-history":[{"count":1,"href":"https:\/\/dgospel.com.br\/portal\/index.php\/wp-json\/wp\/v2\/posts\/5967\/revisions"}],"predecessor-version":[{"id":5969,"href":"https:\/\/dgospel.com.br\/portal\/index.php\/wp-json\/wp\/v2\/posts\/5967\/revisions\/5969"}],"wp:featuredmedia":[{"embeddable":true,"href":"https:\/\/dgospel.com.br\/portal\/index.php\/wp-json\/wp\/v2\/media\/5968"}],"wp:attachment":[{"href":"https:\/\/dgospel.com.br\/portal\/index.php\/wp-json\/wp\/v2\/media?parent=5967"}],"wp:term":[{"taxonomy":"category","embeddable":true,"href":"https:\/\/dgospel.com.br\/portal\/index.php\/wp-json\/wp\/v2\/categories?post=5967"},{"taxonomy":"post_tag","embeddable":true,"href":"https:\/\/dgospel.com.br\/portal\/index.php\/wp-json\/wp\/v2\/tags?post=5967"}],"curies":[{"name":"wp","href":"https:\/\/api.w.org\/{rel}","templated":true}]}}