{"id":5973,"date":"2020-06-17T11:18:58","date_gmt":"2020-06-17T14:18:58","guid":{"rendered":"http:\/\/dgospel.com.br\/portal\/?p=5973"},"modified":"2020-06-17T11:19:00","modified_gmt":"2020-06-17T14:19:00","slug":"bolsonaro-sanciona-lei-que-impede-corte-de-servicos-publicos-nos-finais-de-semana-e-feriados","status":"publish","type":"post","link":"https:\/\/dgospel.com.br\/portal\/index.php\/2020\/06\/17\/bolsonaro-sanciona-lei-que-impede-corte-de-servicos-publicos-nos-finais-de-semana-e-feriados\/","title":{"rendered":"Bolsonaro sanciona lei que impede corte de servi\u00e7os p\u00fablicos nos finais de semana e feriados"},"content":{"rendered":"\n<figure class=\"wp-block-image\"><img src=\"https:\/\/s3-sa-east-1.amazonaws.com\/agencia-radio-arb\/2127\/content_banner-vertical-brasil61-arb.jpg\" alt=\"Acesse nossos conte\u00fados de r\u00e1dio\"\/><\/figure>\n\n\n\n<p>A lei que pro\u00edbe a suspens\u00e3o da presta\u00e7\u00e3o de servi\u00e7os p\u00fablicos, como \u00e1gua e energia el\u00e9trica, nos finais de semana foi sancionada pelo presidente Jair Bolsonaro.&nbsp;<\/p>\n\n\n\n<p>A medida tamb\u00e9m restringe os cortes nas sextas-feiras, feriados ou nos dias que antecedem os feriados. O texto foi publicado nesta ter\u00e7a-feira (16), no Di\u00e1rio Oficial da Uni\u00e3o.<\/p>\n\n\n\n<p>A Lei 14.015, de 2020 estabelece, ainda que o consumidor seja comunicado previamente sobre o desligamento em virtude de inadimplemento. Al\u00e9m disso, a companhia respons\u00e1vel dever\u00e1 informar o dia a partir do qual ser\u00e1 realizada a interrup\u00e7\u00e3o do servi\u00e7o ofertado por ela.&nbsp;<\/p>\n\n\n\n<p>Caso o usu\u00e1rio n\u00e3o receba a notifica\u00e7\u00e3o pr\u00e9via, n\u00e3o haver\u00e1 cobran\u00e7a sobre a taxa de religa\u00e7\u00e3o, e a concession\u00e1ria respons\u00e1vel pelo fornecimento ser\u00e1 multada.<\/p>\n\n\n\n<p>A Lei sancionada \u00e9 origin\u00e1ria do PL 669\/2019, de autoria do senador Weverton (PDT-MA), e se aplica aos servi\u00e7os p\u00fablicos prestados pelas administra\u00e7\u00f5es diretas e indiretas da Uni\u00e3o, estados, Distrito Federal e munic\u00edpios.<\/p>\n","protected":false},"excerpt":{"rendered":"<p>A lei que pro\u00edbe a suspens\u00e3o da presta\u00e7\u00e3o de servi\u00e7os p\u00fablicos, como \u00e1gua e energia el\u00e9trica, nos finais de semana foi sancionada pelo presidente Jair Bolsonaro.&nbsp; A medida tamb\u00e9m restringe os cortes nas sextas-feiras, feriados ou nos dias que antecedem os feriados. O texto foi publicado nesta ter\u00e7a-feira (16), no Di\u00e1rio Oficial da Uni\u00e3o. A [&hellip;]<\/p>\n","protected":false},"author":2,"featured_media":5974,"comment_status":"open","ping_status":"open","sticky":false,"template":"","format":"standard","meta":[],"categories":[6,4],"tags":[],"_links":{"self":[{"href":"https:\/\/dgospel.com.br\/portal\/index.php\/wp-json\/wp\/v2\/posts\/5973"}],"collection":[{"href":"https:\/\/dgospel.com.br\/portal\/index.php\/wp-json\/wp\/v2\/posts"}],"about":[{"href":"https:\/\/dgospel.com.br\/portal\/index.php\/wp-json\/wp\/v2\/types\/post"}],"author":[{"embeddable":true,"href":"https:\/\/dgospel.com.br\/portal\/index.php\/wp-json\/wp\/v2\/users\/2"}],"replies":[{"embeddable":true,"href":"https:\/\/dgospel.com.br\/portal\/index.php\/wp-json\/wp\/v2\/comments?post=5973"}],"version-history":[{"count":1,"href":"https:\/\/dgospel.com.br\/portal\/index.php\/wp-json\/wp\/v2\/posts\/5973\/revisions"}],"predecessor-version":[{"id":5975,"href":"https:\/\/dgospel.com.br\/portal\/index.php\/wp-json\/wp\/v2\/posts\/5973\/revisions\/5975"}],"wp:featuredmedia":[{"embeddable":true,"href":"https:\/\/dgospel.com.br\/portal\/index.php\/wp-json\/wp\/v2\/media\/5974"}],"wp:attachment":[{"href":"https:\/\/dgospel.com.br\/portal\/index.php\/wp-json\/wp\/v2\/media?parent=5973"}],"wp:term":[{"taxonomy":"category","embeddable":true,"href":"https:\/\/dgospel.com.br\/portal\/index.php\/wp-json\/wp\/v2\/categories?post=5973"},{"taxonomy":"post_tag","embeddable":true,"href":"https:\/\/dgospel.com.br\/portal\/index.php\/wp-json\/wp\/v2\/tags?post=5973"}],"curies":[{"name":"wp","href":"https:\/\/api.w.org\/{rel}","templated":true}]}}