{"id":5985,"date":"2020-06-22T12:38:13","date_gmt":"2020-06-22T15:38:13","guid":{"rendered":"http:\/\/dgospel.com.br\/portal\/?p=5985"},"modified":"2020-06-22T12:38:14","modified_gmt":"2020-06-22T15:38:14","slug":"em-dia-de-manifestacoes-web-demonstra-apoio-a-bolsonaro","status":"publish","type":"post","link":"https:\/\/dgospel.com.br\/portal\/index.php\/2020\/06\/22\/em-dia-de-manifestacoes-web-demonstra-apoio-a-bolsonaro\/","title":{"rendered":"Em dia de manifesta\u00e7\u00f5es, web demonstra apoio a Bolsonaro"},"content":{"rendered":"\n<p>Em mais um domingo (21) marcado por manifesta\u00e7\u00f5es em Bras\u00edlia em apoio ao presidente Jair Bolsonaro, internautas subiram as tags #FechadoComBolsonaroAte2026 e #MegaManifestacaoDia21 no Twitter, que figuraram entre os assuntos mais comentados do microblog. No Distrito Federal, o grupo se concentrou na Esplanada dos Minist\u00e9rios trajando as cores verde e amarela.<\/p>\n\n\n\n<p>O ato tamb\u00e9m teve presen\u00e7a de manifestantes contra o governo. A Pol\u00edcia Militar deu ordem para que os grupos se concentrem em pontos opostos para evitar confus\u00f5es. Protestos tamb\u00e9m acontecem em outras regi\u00f5es do pa\u00eds, como S\u00e3o Paulo e Rio de Janeiro.<\/p>\n\n\n\n<p>\n\nDiferente de outros dias, o presidente Jair Bolsonaro n\u00e3o compareceu aos atos. Ele embarcou, na manh\u00e3 deste domingo, para o Rio de Janeiro onde vai participar do enterro de um paraquedista que morreu durante um exerc\u00edcio.\n\n<\/p>\n","protected":false},"excerpt":{"rendered":"<p>Em mais um domingo (21) marcado por manifesta\u00e7\u00f5es em Bras\u00edlia em apoio ao presidente Jair Bolsonaro, internautas subiram as tags #FechadoComBolsonaroAte2026 e #MegaManifestacaoDia21 no Twitter, que figuraram entre os assuntos mais comentados do microblog. No Distrito Federal, o grupo se concentrou na Esplanada dos Minist\u00e9rios trajando as cores verde e amarela. O ato tamb\u00e9m teve [&hellip;]<\/p>\n","protected":false},"author":2,"featured_media":5986,"comment_status":"open","ping_status":"open","sticky":false,"template":"","format":"standard","meta":[],"categories":[6,4],"tags":[],"_links":{"self":[{"href":"https:\/\/dgospel.com.br\/portal\/index.php\/wp-json\/wp\/v2\/posts\/5985"}],"collection":[{"href":"https:\/\/dgospel.com.br\/portal\/index.php\/wp-json\/wp\/v2\/posts"}],"about":[{"href":"https:\/\/dgospel.com.br\/portal\/index.php\/wp-json\/wp\/v2\/types\/post"}],"author":[{"embeddable":true,"href":"https:\/\/dgospel.com.br\/portal\/index.php\/wp-json\/wp\/v2\/users\/2"}],"replies":[{"embeddable":true,"href":"https:\/\/dgospel.com.br\/portal\/index.php\/wp-json\/wp\/v2\/comments?post=5985"}],"version-history":[{"count":1,"href":"https:\/\/dgospel.com.br\/portal\/index.php\/wp-json\/wp\/v2\/posts\/5985\/revisions"}],"predecessor-version":[{"id":5987,"href":"https:\/\/dgospel.com.br\/portal\/index.php\/wp-json\/wp\/v2\/posts\/5985\/revisions\/5987"}],"wp:featuredmedia":[{"embeddable":true,"href":"https:\/\/dgospel.com.br\/portal\/index.php\/wp-json\/wp\/v2\/media\/5986"}],"wp:attachment":[{"href":"https:\/\/dgospel.com.br\/portal\/index.php\/wp-json\/wp\/v2\/media?parent=5985"}],"wp:term":[{"taxonomy":"category","embeddable":true,"href":"https:\/\/dgospel.com.br\/portal\/index.php\/wp-json\/wp\/v2\/categories?post=5985"},{"taxonomy":"post_tag","embeddable":true,"href":"https:\/\/dgospel.com.br\/portal\/index.php\/wp-json\/wp\/v2\/tags?post=5985"}],"curies":[{"name":"wp","href":"https:\/\/api.w.org\/{rel}","templated":true}]}}