{"id":5988,"date":"2020-06-22T12:40:29","date_gmt":"2020-06-22T15:40:29","guid":{"rendered":"http:\/\/dgospel.com.br\/portal\/?p=5988"},"modified":"2020-06-22T12:40:30","modified_gmt":"2020-06-22T15:40:30","slug":"querem-prender-os-que-vao-a-igreja-mas-nao-os-que-queimam-igrejas-diz-trump","status":"publish","type":"post","link":"https:\/\/dgospel.com.br\/portal\/index.php\/2020\/06\/22\/querem-prender-os-que-vao-a-igreja-mas-nao-os-que-queimam-igrejas-diz-trump\/","title":{"rendered":"\u201cQuerem prender os que v\u00e3o \u00e0 igreja, mas n\u00e3o os que queimam igrejas&#8221;, diz Trump"},"content":{"rendered":"\n<p>O presidente&nbsp;<strong><a href=\"https:\/\/guiame.com.br\/gospel\/noticias\/trump-destina-us-50-milhoes-para-programas-de-apoio-liberdade-religiosa-internacional.html\">Donald Trump<\/a><\/strong>&nbsp;falou sobre a hipocrisia flagrante de seus opositores por seu apoio aos protestos do Black Lives Matter, mas n\u00e3o pelos americanos que queriam frequentar a igreja durante a pandemia de&nbsp;<strong><a href=\"https:\/\/guiame.com.br\/gospel\/noticias\/passa-de-4-milhoes-o-numero-de-pessoas-recuperadas-do-coronavirus-em-todo-o-mundo.html\">coronav\u00edrus<\/a><\/strong>.<\/p>\n\n\n\n<p>Em sua retomada \u00e0 campanha para reelei\u00e7\u00e3o em Tulsa, Oklahoma, no s\u00e1bado (20), Trump observou que os democratas t\u00eam um padr\u00e3o duplo quando se trata de seus seguidores e americanos comuns.<\/p>\n\n\n\n<p>&#8220;Joe Biden e os democratas querem processar os americanos por irem \u00e0 igreja, mas n\u00e3o por queimarem uma igreja&#8221;, disse Trump \u00e0 plateia no s\u00e1bado.<\/p>\n\n\n\n<p>&#8220;Eles acreditam que voc\u00ea pode se revoltar, vandalizar e destruir, mas voc\u00ea n\u00e3o pode participar de uma manifesta\u00e7\u00e3o pac\u00edfica e pr\u00f3-Am\u00e9rica&#8221;, afirmou.<\/p>\n\n\n\n<p>&#8220;Eles querem punir seu pensamento, mas n\u00e3o os crimes violentos&#8221;, acrescentou Trump.<\/p>\n\n\n\n<p>Trump continuou expondo Biden e sua incapacidade de enfrentar a multid\u00e3o.<\/p>\n\n\n\n<p>\u201cJoe Biden se rendeu ao seu partido e \u00e0 multid\u00e3o de esquerda. Ele n\u00e3o tem controle. Algu\u00e9m honestamente acha que ele controla esses man\u00edacos radicais?\u201d, perguntou Trump.<\/p>\n\n\n\n<p>\n\nFONTE: GUIAME, COM INFORMA\u00c7\u00d5ES DO INFOWARS\n\n<\/p>\n","protected":false},"excerpt":{"rendered":"<p>O presidente&nbsp;Donald Trump&nbsp;falou sobre a hipocrisia flagrante de seus opositores por seu apoio aos protestos do Black Lives Matter, mas n\u00e3o pelos americanos que queriam frequentar a igreja durante a pandemia de&nbsp;coronav\u00edrus. Em sua retomada \u00e0 campanha para reelei\u00e7\u00e3o em Tulsa, Oklahoma, no s\u00e1bado (20), Trump observou que os democratas t\u00eam um padr\u00e3o duplo quando [&hellip;]<\/p>\n","protected":false},"author":2,"featured_media":5989,"comment_status":"open","ping_status":"open","sticky":false,"template":"","format":"standard","meta":[],"categories":[4,1],"tags":[],"_links":{"self":[{"href":"https:\/\/dgospel.com.br\/portal\/index.php\/wp-json\/wp\/v2\/posts\/5988"}],"collection":[{"href":"https:\/\/dgospel.com.br\/portal\/index.php\/wp-json\/wp\/v2\/posts"}],"about":[{"href":"https:\/\/dgospel.com.br\/portal\/index.php\/wp-json\/wp\/v2\/types\/post"}],"author":[{"embeddable":true,"href":"https:\/\/dgospel.com.br\/portal\/index.php\/wp-json\/wp\/v2\/users\/2"}],"replies":[{"embeddable":true,"href":"https:\/\/dgospel.com.br\/portal\/index.php\/wp-json\/wp\/v2\/comments?post=5988"}],"version-history":[{"count":1,"href":"https:\/\/dgospel.com.br\/portal\/index.php\/wp-json\/wp\/v2\/posts\/5988\/revisions"}],"predecessor-version":[{"id":5990,"href":"https:\/\/dgospel.com.br\/portal\/index.php\/wp-json\/wp\/v2\/posts\/5988\/revisions\/5990"}],"wp:featuredmedia":[{"embeddable":true,"href":"https:\/\/dgospel.com.br\/portal\/index.php\/wp-json\/wp\/v2\/media\/5989"}],"wp:attachment":[{"href":"https:\/\/dgospel.com.br\/portal\/index.php\/wp-json\/wp\/v2\/media?parent=5988"}],"wp:term":[{"taxonomy":"category","embeddable":true,"href":"https:\/\/dgospel.com.br\/portal\/index.php\/wp-json\/wp\/v2\/categories?post=5988"},{"taxonomy":"post_tag","embeddable":true,"href":"https:\/\/dgospel.com.br\/portal\/index.php\/wp-json\/wp\/v2\/tags?post=5988"}],"curies":[{"name":"wp","href":"https:\/\/api.w.org\/{rel}","templated":true}]}}