{"id":5992,"date":"2020-06-23T09:17:16","date_gmt":"2020-06-23T12:17:16","guid":{"rendered":"http:\/\/dgospel.com.br\/portal\/?p=5992"},"modified":"2020-06-23T09:17:17","modified_gmt":"2020-06-23T12:17:17","slug":"jair-bolsonaro-governo-tera-ministro-vindo-da-pf-em-breve","status":"publish","type":"post","link":"https:\/\/dgospel.com.br\/portal\/index.php\/2020\/06\/23\/jair-bolsonaro-governo-tera-ministro-vindo-da-pf-em-breve\/","title":{"rendered":"Jair Bolsonaro: Governo ter\u00e1 ministro vindo da PF em breve"},"content":{"rendered":"\n<p> O presidente Jair Bolsonaro disse em evento na manh\u00e3 desta segunda-feira (22) que seu governo ainda ter\u00e1 um ministro oriundo da Pol\u00edcia Federal e que n\u00e3o vai demorar muito.<\/p>\n\n\n\n<p> O presidente \u00e9 investigado por suposta interfer\u00eancia na corpora\u00e7\u00e3o para blindar amigos e filhos em inqu\u00e9rito aberto ap\u00f3s acusa\u00e7\u00f5es feitas pelo ex-ministro Sergio Moro. <\/p>\n\n\n\n<p>Alguns presentes no evento interpretaram a declara\u00e7\u00e3o como uma brincadeira de Bolsonaro para agradar a pol\u00edcia. Outros ainda disseram ter sido um afago a Alexandre Ramagem, diretor-geral da Abin, que estava na cerim\u00f4nia.<\/p>\n\n\n\n<p>O delegado teve a nomea\u00e7\u00e3o para o comando da PF suspensa pelo Supremo Tribunal Federal em abril.<\/p>\n\n\n\n<p>Nas \u00faltimas semanas, o presidente voltou a falar sobre a possibilidade de separar o Minist\u00e9rio da Justi\u00e7a e recriar a pasta de Seguran\u00e7a P\u00fablica.<\/p>\n\n\n\n<p>Nos bastidores, circulam os nomes de Ramagem e de Anderson Torres, que tamb\u00e9m \u00e9 delegado da Pol\u00edcia Federal, atual secret\u00e1rio de Seguran\u00e7a P\u00fablica do Distrito Federal.<\/p>\n\n\n\n<p>Auxiliares do presidente dizem, no entanto, que a discuss\u00e3o sobre o tema deve ocorrer apenas no fim do ano.<\/p>\n\n\n\n<p>O evento desta manh\u00e3 foi parte da programa\u00e7\u00e3o da Semana Nacional de Pol\u00edticas sobre Drogas e ocorreu no COT (Comando de Opera\u00e7\u00f5es T\u00e1ticas) da PF, em Bras\u00edlia, sem a presen\u00e7a da imprensa.<\/p>\n\n\n\n<p>Bolsonaro tamb\u00e9m fez elogios ao ministro Andr\u00e9 Mendon\u00e7a (Justi\u00e7a).<\/p>\n\n\n\n<p>*Camila Mattoso\/Folhapress<\/p>\n\n\n\n<p> <\/p>\n\n\n\n<p><\/p>\n","protected":false},"excerpt":{"rendered":"<p>O presidente Jair Bolsonaro disse em evento na manh\u00e3 desta segunda-feira (22) que seu governo ainda ter\u00e1 um ministro oriundo da Pol\u00edcia Federal e que n\u00e3o vai demorar muito. O presidente \u00e9 investigado por suposta interfer\u00eancia na corpora\u00e7\u00e3o para blindar amigos e filhos em inqu\u00e9rito aberto ap\u00f3s acusa\u00e7\u00f5es feitas pelo ex-ministro Sergio Moro. Alguns presentes [&hellip;]<\/p>\n","protected":false},"author":2,"featured_media":5993,"comment_status":"open","ping_status":"open","sticky":false,"template":"","format":"standard","meta":[],"categories":[6,4],"tags":[],"_links":{"self":[{"href":"https:\/\/dgospel.com.br\/portal\/index.php\/wp-json\/wp\/v2\/posts\/5992"}],"collection":[{"href":"https:\/\/dgospel.com.br\/portal\/index.php\/wp-json\/wp\/v2\/posts"}],"about":[{"href":"https:\/\/dgospel.com.br\/portal\/index.php\/wp-json\/wp\/v2\/types\/post"}],"author":[{"embeddable":true,"href":"https:\/\/dgospel.com.br\/portal\/index.php\/wp-json\/wp\/v2\/users\/2"}],"replies":[{"embeddable":true,"href":"https:\/\/dgospel.com.br\/portal\/index.php\/wp-json\/wp\/v2\/comments?post=5992"}],"version-history":[{"count":1,"href":"https:\/\/dgospel.com.br\/portal\/index.php\/wp-json\/wp\/v2\/posts\/5992\/revisions"}],"predecessor-version":[{"id":5994,"href":"https:\/\/dgospel.com.br\/portal\/index.php\/wp-json\/wp\/v2\/posts\/5992\/revisions\/5994"}],"wp:featuredmedia":[{"embeddable":true,"href":"https:\/\/dgospel.com.br\/portal\/index.php\/wp-json\/wp\/v2\/media\/5993"}],"wp:attachment":[{"href":"https:\/\/dgospel.com.br\/portal\/index.php\/wp-json\/wp\/v2\/media?parent=5992"}],"wp:term":[{"taxonomy":"category","embeddable":true,"href":"https:\/\/dgospel.com.br\/portal\/index.php\/wp-json\/wp\/v2\/categories?post=5992"},{"taxonomy":"post_tag","embeddable":true,"href":"https:\/\/dgospel.com.br\/portal\/index.php\/wp-json\/wp\/v2\/tags?post=5992"}],"curies":[{"name":"wp","href":"https:\/\/api.w.org\/{rel}","templated":true}]}}