{"id":5998,"date":"2020-06-23T09:30:57","date_gmt":"2020-06-23T12:30:57","guid":{"rendered":"http:\/\/dgospel.com.br\/portal\/?p=5998"},"modified":"2020-06-23T09:30:59","modified_gmt":"2020-06-23T12:30:59","slug":"tse-lanca-campanha-para-incentivar-participacao-de-jovens-na-politica","status":"publish","type":"post","link":"https:\/\/dgospel.com.br\/portal\/index.php\/2020\/06\/23\/tse-lanca-campanha-para-incentivar-participacao-de-jovens-na-politica\/","title":{"rendered":"TSE lan\u00e7a campanha para incentivar participa\u00e7\u00e3o de jovens na pol\u00edtica"},"content":{"rendered":"\n<p>O Tribunal Superior Eleitoral (TSE) lan\u00e7ou nesta segunda-feira (22) uma campanha digital para incentivar a participa\u00e7\u00e3o de jovens na pol\u00edtica e nas elei\u00e7\u00f5es municipais, que ser\u00e3o realizadas no fim deste do ano.<\/p>\n\n\n\n<p>De acordo com o tribunal, a medida pretende fortalecer a democracia e aumentar o debate sobre os problemas nacionais. A campanha foi intitulada<em>&nbsp;&#8220;Eu na Prefeitura, Eu na C\u00e2mara&#8221;.&nbsp;<\/em><\/p>\n\n\n\n<p>Por meio da p\u00e1gina do TSE na internet, at\u00e9 3 de julho, jovens entre 16 e 25 anos podem&nbsp;<a href=\"http:\/\/www.tse.jus.br\/eleitor\/jovens-na-politica\/eu-na-prefeitura-eu-na-camara\" target=\"_blank\" rel=\"noreferrer noopener\">enviar um v\u00eddeo de 30 segundos<\/a>, respondendo sobre o que falta na sua cidade e o que poderia fazer para melhorar a situa\u00e7\u00e3o se fosse eleito prefeito ou vereador do munic\u00edpio. Os melhores v\u00eddeos v\u00e3o fazer parte de uma campanha da Justi\u00e7a Eleitoral de incentivo ao voto.<\/p>\n\n\n\n<p>Segundo o TSE, o pa\u00eds tem 1.310.194 eleitores entre 16 e 17 anos, faixa et\u00e1ria em que o voto \u00e9 facultativo.&nbsp;<\/p>\n\n\n\n<p>Inicialmente, as elei\u00e7\u00f5es municipais estavam previstas para outubro. No entanto, o Congresso Nacional cem discutindo a mudan\u00e7a da data diante do avan\u00e7o da pandemia do novo coronav\u00edrus no pa\u00eds. O adiamento \u00e9 discutido com a Proposta de Emenda \u00e0 Constitui\u00e7\u00e3o (PEC) 18\/2020, de autoria do senador Randolfe Rodrigues (Rede-AP).<\/p>\n\n\n\n<p><strong>Fonte: Ag\u00eancia Brasil &#8211; Foto: F\u00e1bio Pozzebom\/Ag\u00eancia Brasil<\/strong><\/p>\n","protected":false},"excerpt":{"rendered":"<p>O Tribunal Superior Eleitoral (TSE) lan\u00e7ou nesta segunda-feira (22) uma campanha digital para incentivar a participa\u00e7\u00e3o de jovens na pol\u00edtica e nas elei\u00e7\u00f5es municipais, que ser\u00e3o realizadas no fim deste do ano. De acordo com o tribunal, a medida pretende fortalecer a democracia e aumentar o debate sobre os problemas nacionais. A campanha foi intitulada&nbsp;&#8220;Eu [&hellip;]<\/p>\n","protected":false},"author":2,"featured_media":5999,"comment_status":"open","ping_status":"open","sticky":false,"template":"","format":"standard","meta":[],"categories":[6,4],"tags":[],"_links":{"self":[{"href":"https:\/\/dgospel.com.br\/portal\/index.php\/wp-json\/wp\/v2\/posts\/5998"}],"collection":[{"href":"https:\/\/dgospel.com.br\/portal\/index.php\/wp-json\/wp\/v2\/posts"}],"about":[{"href":"https:\/\/dgospel.com.br\/portal\/index.php\/wp-json\/wp\/v2\/types\/post"}],"author":[{"embeddable":true,"href":"https:\/\/dgospel.com.br\/portal\/index.php\/wp-json\/wp\/v2\/users\/2"}],"replies":[{"embeddable":true,"href":"https:\/\/dgospel.com.br\/portal\/index.php\/wp-json\/wp\/v2\/comments?post=5998"}],"version-history":[{"count":1,"href":"https:\/\/dgospel.com.br\/portal\/index.php\/wp-json\/wp\/v2\/posts\/5998\/revisions"}],"predecessor-version":[{"id":6000,"href":"https:\/\/dgospel.com.br\/portal\/index.php\/wp-json\/wp\/v2\/posts\/5998\/revisions\/6000"}],"wp:featuredmedia":[{"embeddable":true,"href":"https:\/\/dgospel.com.br\/portal\/index.php\/wp-json\/wp\/v2\/media\/5999"}],"wp:attachment":[{"href":"https:\/\/dgospel.com.br\/portal\/index.php\/wp-json\/wp\/v2\/media?parent=5998"}],"wp:term":[{"taxonomy":"category","embeddable":true,"href":"https:\/\/dgospel.com.br\/portal\/index.php\/wp-json\/wp\/v2\/categories?post=5998"},{"taxonomy":"post_tag","embeddable":true,"href":"https:\/\/dgospel.com.br\/portal\/index.php\/wp-json\/wp\/v2\/tags?post=5998"}],"curies":[{"name":"wp","href":"https:\/\/api.w.org\/{rel}","templated":true}]}}