{"id":6001,"date":"2020-06-24T08:29:04","date_gmt":"2020-06-24T11:29:04","guid":{"rendered":"http:\/\/dgospel.com.br\/portal\/?p=6001"},"modified":"2020-06-24T08:29:05","modified_gmt":"2020-06-24T11:29:05","slug":"tse-arquiva-acao-contra-bolsonaro-por-outdoors","status":"publish","type":"post","link":"https:\/\/dgospel.com.br\/portal\/index.php\/2020\/06\/24\/tse-arquiva-acao-contra-bolsonaro-por-outdoors\/","title":{"rendered":"TSE arquiva a\u00e7\u00e3o contra Bolsonaro por outdoors"},"content":{"rendered":"\n<p> O Tribunal Superior Eleitoral (TSE) rejeitou, nesta ter\u00e7a-feira (23), uma a\u00e7\u00e3o eleitoral que poderia levar \u00e0 cassa\u00e7\u00e3o de Jair Bolsonaro e de Hamilton Mour\u00e3o por crimes eleitorais. Por unanimidade, a corte recusou a representa\u00e7\u00e3o em que o Partido dos Trabalhadores (PT) acusou a chapa eleita nas elei\u00e7\u00f5es de 2018 por abuso de poder econ\u00f4mico devido \u00e0 instala\u00e7\u00e3o de dezenas de outdoors em ao menos 33 cidades de 13 estados. <\/p>\n\n\n\n<p> A procuradoria-geral Eleitoral indicou que foram, na verdade, 195 outdoors em 25 unidades da Federa\u00e7\u00e3o. Mas o \u00f3rg\u00e3o tamb\u00e9m se manifestou contra a a\u00e7\u00e3o por entender que n\u00e3o ficou comprovado o envolvimento da chapa de Bolsonaro nos atos. <\/p>\n\n\n\n<p>O relator do caso, ministro Og Fernandes, afirmou que o autor da a\u00e7\u00e3o n\u00e3o comprovou elementos suficientes para conclus\u00e3o de que houve interfer\u00eancia na normalidade das elei\u00e7\u00f5es.<\/p>\n\n\n\n<p>\u2013 N\u00e3o \u00e9 poss\u00edvel afirmar que a instala\u00e7\u00e3o de outdoors em alguns munic\u00edpios de alguns estados tenha revelado gravidade suficiente a ponto de provocar um desequil\u00edbrio na elei\u00e7\u00e3o presidencial de 2018, cuja abrang\u00eancia dizia respeito a 27 unidades da Federa\u00e7\u00e3o, com 5.570 munic\u00edpios \u2013 disse.<\/p>\n\n\n\n<p>O ministro Edson Fachin ressaltou que n\u00e3o h\u00e1 ind\u00edcios suficientes para cassar o mandato de Bolsonaro.<\/p>\n\n\n\n<p>\u2013 A quest\u00e3o central diz respeito precisamente \u00e0 aus\u00eancia de prova suficiente para evidenciar gravidade que afete o equil\u00edbrio do processo eleitoral no pa\u00eds \u2013 destacou.<\/p>\n\n\n\n<p>O ministro Lu\u00eds Felipe Salom\u00e3o seguiu a mesma linha e disse que n\u00e3o ficou comprovado a exist\u00eancia de a\u00e7\u00e3o coordenada do candidato para custear a exposi\u00e7\u00e3o das pe\u00e7as publicit\u00e1rias.<\/p>\n\n\n\n<p>\u2013 O valor total despedindo nos outdoors gravita em torno 5,64% do gasto de Jair Bolsonaro. Se considerado o limite gasto presidencial, o material publicit\u00e1rio se referia 0,13% do total de gastos. Ante o exposto, acompanho o eminente relator e voto pela improced\u00eancia \u2013 salientou.<\/p>\n\n\n\n<p>O PT havia alegado abuso de poder econ\u00f4mico porque Bolsonaro ganhou refor\u00e7o financeiro que n\u00e3o estava previsto nos gastos da campanha. Al\u00e9m disso, havia sustentado que a Lei das Elei\u00e7\u00f5es veda a propaganda eleitoral feita em outdoors.<\/p>\n\n\n\n<p>O partido ressaltou ainda que a \u201ca uniformidade das pe\u00e7as publicit\u00e1rias\u201d revela \u201ca exist\u00eancia de uma a\u00e7\u00e3o orquestrada, a escapar da singela manifesta\u00e7\u00e3o de apoiadores desavisados\u201d.<\/p>\n\n\n\n<p>*Folhapress<\/p>\n","protected":false},"excerpt":{"rendered":"<p>O Tribunal Superior Eleitoral (TSE) rejeitou, nesta ter\u00e7a-feira (23), uma a\u00e7\u00e3o eleitoral que poderia levar \u00e0 cassa\u00e7\u00e3o de Jair Bolsonaro e de Hamilton Mour\u00e3o por crimes eleitorais. Por unanimidade, a corte recusou a representa\u00e7\u00e3o em que o Partido dos Trabalhadores (PT) acusou a chapa eleita nas elei\u00e7\u00f5es de 2018 por abuso de poder econ\u00f4mico devido [&hellip;]<\/p>\n","protected":false},"author":2,"featured_media":6002,"comment_status":"open","ping_status":"open","sticky":false,"template":"","format":"standard","meta":[],"categories":[6,4],"tags":[],"_links":{"self":[{"href":"https:\/\/dgospel.com.br\/portal\/index.php\/wp-json\/wp\/v2\/posts\/6001"}],"collection":[{"href":"https:\/\/dgospel.com.br\/portal\/index.php\/wp-json\/wp\/v2\/posts"}],"about":[{"href":"https:\/\/dgospel.com.br\/portal\/index.php\/wp-json\/wp\/v2\/types\/post"}],"author":[{"embeddable":true,"href":"https:\/\/dgospel.com.br\/portal\/index.php\/wp-json\/wp\/v2\/users\/2"}],"replies":[{"embeddable":true,"href":"https:\/\/dgospel.com.br\/portal\/index.php\/wp-json\/wp\/v2\/comments?post=6001"}],"version-history":[{"count":1,"href":"https:\/\/dgospel.com.br\/portal\/index.php\/wp-json\/wp\/v2\/posts\/6001\/revisions"}],"predecessor-version":[{"id":6003,"href":"https:\/\/dgospel.com.br\/portal\/index.php\/wp-json\/wp\/v2\/posts\/6001\/revisions\/6003"}],"wp:featuredmedia":[{"embeddable":true,"href":"https:\/\/dgospel.com.br\/portal\/index.php\/wp-json\/wp\/v2\/media\/6002"}],"wp:attachment":[{"href":"https:\/\/dgospel.com.br\/portal\/index.php\/wp-json\/wp\/v2\/media?parent=6001"}],"wp:term":[{"taxonomy":"category","embeddable":true,"href":"https:\/\/dgospel.com.br\/portal\/index.php\/wp-json\/wp\/v2\/categories?post=6001"},{"taxonomy":"post_tag","embeddable":true,"href":"https:\/\/dgospel.com.br\/portal\/index.php\/wp-json\/wp\/v2\/tags?post=6001"}],"curies":[{"name":"wp","href":"https:\/\/api.w.org\/{rel}","templated":true}]}}