{"id":6011,"date":"2020-06-24T09:19:04","date_gmt":"2020-06-24T12:19:04","guid":{"rendered":"http:\/\/dgospel.com.br\/portal\/?p=6011"},"modified":"2020-06-24T09:19:05","modified_gmt":"2020-06-24T12:19:05","slug":"ministro-da-saude-detalha-aplicacao-dos-r-393-bilhoes-para-o-combate-a-covid-19","status":"publish","type":"post","link":"https:\/\/dgospel.com.br\/portal\/index.php\/2020\/06\/24\/ministro-da-saude-detalha-aplicacao-dos-r-393-bilhoes-para-o-combate-a-covid-19\/","title":{"rendered":"Ministro da Sa\u00fade detalha aplica\u00e7\u00e3o dos R$ 39,3 bilh\u00f5es para o combate \u00e0 Covid-19"},"content":{"rendered":"\n<p>Em audi\u00eancia p\u00fablica da comiss\u00e3o mista que acompanha as medidas do Governo Federal para o enfrentamento da pandemia, o ministro interino da Sa\u00fade, Eduardo Pazuello fez um resumo a deputados e senadores sobre o montante empenhado at\u00e9 agora no combate ao novo coronav\u00edrus, o que h\u00e1 de saldo e as pr\u00f3ximas a\u00e7\u00f5es a serem tomadas. At\u00e9 o momento, foram destinados R$ 39,3 bilh\u00f5es em cr\u00e9dito extraordin\u00e1rio por meio de medidas provis\u00f3rias, com a utiliza\u00e7\u00e3o de R$ 13,5 bilh\u00f5es. Isso significa que o governo ainda tem, de saldo, R$ 25,8 bilh\u00f5es que ainda devem ser empenhados nas frentes \u00e0s quais foram ligadas.<\/p>\n\n\n\n<p>Pazuello explicou que a Medida Provis\u00f3ria 969, que vai transferir aos estados e munic\u00edpios R$ 10 bilh\u00f5es para o enfrentamento \u00e0 Covid-19, ainda est\u00e1 em andamento, mas outras est\u00e3o desembolsando os recursos de acordo com a necessidade, o que d\u00e1 margem para continuar firme no combate \u00e0 pandemia.&nbsp;<\/p>\n\n\n\n<p>\u201c\u00c9 interessante que tenhamos ainda alguma reserva para poder manobrar. O percentual de saldo que temos est\u00e1 bom. Tirando a 969 que ainda est\u00e1 em elabora\u00e7\u00e3o, temos outras como a 924. Estamos trabalhando na aquisi\u00e7\u00e3o de EPIs e UTIs. Isso \u00e9 um processo lento e t\u00e9cnico e ser\u00e1 atendido\u201d, ressalta.<\/p>\n\n\n\n<p>A Medida provis\u00f3ria 924 autorizou R$ 4,8 bilh\u00f5es para a compra a aquisi\u00e7\u00e3o de Equipamentos de Prote\u00e7\u00e3o Individual e aluguel de leitos de UTIs, dos quais R$ 2,2 bilh\u00f5es j\u00e1 foram utilizados. A MP 947, que destinou R$ 2,6 bilh\u00f5es tamb\u00e9m para a compra de EPIs, al\u00e9m de ventiladores pulmonares, j\u00e1 empenhou mais de R$ 400 milh\u00f5es, deixando um saldo de R$ 2,2 bilh\u00f5es que ainda ser\u00e3o utilizados. Ao todo, j\u00e1 foram distribu\u00eddos mais de 115 milh\u00f5es de equipamentos de prote\u00e7\u00e3o em todo o pa\u00eds e, segundo o ministro interino, h\u00e1 estoque de emerg\u00eancia para que a distribui\u00e7\u00e3o continue sendo feita de forma tranquila.<\/p>\n\n\n\n<h2>Pr\u00f3ximos passos<\/h2>\n\n\n\n<p>Pazuello tamb\u00e9m destacou que Centros de Refer\u00eancia para casos leves da Covid-19 est\u00e3o sendo montados nas comunidades mais carentes para acelerar os diagn\u00f3sticos m\u00e9dicos ainda no in\u00edcio da doen\u00e7a, com base em boas experi\u00eancias j\u00e1 verificadas em outros pa\u00edses. Ele tamb\u00e9m falou que uma das pr\u00f3ximas estrat\u00e9gias ser\u00e1 a testagem em massa da popula\u00e7\u00e3o.<\/p>\n\n\n\n<p>\u201cVamos trabalhar com os munic\u00edpios que est\u00e3o se cadastrando, e montando esses Centros de Refer\u00eancia. Os Centros tamb\u00e9m ajudam a triar, a verifica mais rapidamente se aquele brasileiro est\u00e1 com sintomas da doen\u00e7a, para que possa ser encaminhado para uma avalia\u00e7\u00e3o m\u00e9dica mais aprofundada. Esse \u00e9 o grande objetivo e o que vai salvar a vida de nossos cidad\u00e3os. \u00c9 o atendimento imediato\u201d, destaca Pazuello.<\/p>\n\n\n\n<p>A nova orienta\u00e7\u00e3o do Minist\u00e9rio da Sa\u00fade aponta tamb\u00e9m para testagem em massa dos brasileiros. O objetivo \u00e9 testar cerca de 24% da popula\u00e7\u00e3o, algo em torno de 50 milh\u00f5es de pessoas: metade com testes r\u00e1pidos, que indicam se a pessoa j\u00e1 teve contato com o v\u00edrus; e metade com testes moleculares, que indicam a presen\u00e7a do v\u00edrus. A diretriz j\u00e1 foi pactuada com estados e munic\u00edpios e ser\u00e1 apresentada em coletiva de imprensa nesta pr\u00f3xima quarta-feira (24).&nbsp;<\/p>\n","protected":false},"excerpt":{"rendered":"<p>Em audi\u00eancia p\u00fablica da comiss\u00e3o mista que acompanha as medidas do Governo Federal para o enfrentamento da pandemia, o ministro interino da Sa\u00fade, Eduardo Pazuello fez um resumo a deputados e senadores sobre o montante empenhado at\u00e9 agora no combate ao novo coronav\u00edrus, o que h\u00e1 de saldo e as pr\u00f3ximas a\u00e7\u00f5es a serem tomadas. [&hellip;]<\/p>\n","protected":false},"author":2,"featured_media":6012,"comment_status":"open","ping_status":"open","sticky":false,"template":"","format":"standard","meta":[],"categories":[6,4],"tags":[],"_links":{"self":[{"href":"https:\/\/dgospel.com.br\/portal\/index.php\/wp-json\/wp\/v2\/posts\/6011"}],"collection":[{"href":"https:\/\/dgospel.com.br\/portal\/index.php\/wp-json\/wp\/v2\/posts"}],"about":[{"href":"https:\/\/dgospel.com.br\/portal\/index.php\/wp-json\/wp\/v2\/types\/post"}],"author":[{"embeddable":true,"href":"https:\/\/dgospel.com.br\/portal\/index.php\/wp-json\/wp\/v2\/users\/2"}],"replies":[{"embeddable":true,"href":"https:\/\/dgospel.com.br\/portal\/index.php\/wp-json\/wp\/v2\/comments?post=6011"}],"version-history":[{"count":1,"href":"https:\/\/dgospel.com.br\/portal\/index.php\/wp-json\/wp\/v2\/posts\/6011\/revisions"}],"predecessor-version":[{"id":6013,"href":"https:\/\/dgospel.com.br\/portal\/index.php\/wp-json\/wp\/v2\/posts\/6011\/revisions\/6013"}],"wp:featuredmedia":[{"embeddable":true,"href":"https:\/\/dgospel.com.br\/portal\/index.php\/wp-json\/wp\/v2\/media\/6012"}],"wp:attachment":[{"href":"https:\/\/dgospel.com.br\/portal\/index.php\/wp-json\/wp\/v2\/media?parent=6011"}],"wp:term":[{"taxonomy":"category","embeddable":true,"href":"https:\/\/dgospel.com.br\/portal\/index.php\/wp-json\/wp\/v2\/categories?post=6011"},{"taxonomy":"post_tag","embeddable":true,"href":"https:\/\/dgospel.com.br\/portal\/index.php\/wp-json\/wp\/v2\/tags?post=6011"}],"curies":[{"name":"wp","href":"https:\/\/api.w.org\/{rel}","templated":true}]}}