{"id":6014,"date":"2020-06-24T09:24:07","date_gmt":"2020-06-24T12:24:07","guid":{"rendered":"http:\/\/dgospel.com.br\/portal\/?p=6014"},"modified":"2020-06-24T09:24:08","modified_gmt":"2020-06-24T12:24:08","slug":"recuperados-da-covid-19-no-brasil-passam-de-meio-milhao-e-superam-casos-em-tratamento","status":"publish","type":"post","link":"https:\/\/dgospel.com.br\/portal\/index.php\/2020\/06\/24\/recuperados-da-covid-19-no-brasil-passam-de-meio-milhao-e-superam-casos-em-tratamento\/","title":{"rendered":"Recuperados da Covid-19 no Brasil passam de meio milh\u00e3o e superam casos em tratamento"},"content":{"rendered":"\n<p>Na tarde da \u00faltima segunda-feira (22), o Minist\u00e9rio da Sa\u00fade atualizou os dados sobre o acompanhamento da&nbsp;<strong><a href=\"https:\/\/guiame.com.br\/gospel\/noticias\/cientista-preve-que-pandemia-deve-acabar-mais-cedo-do-que-se-espera-vamos-ficar-bem.html\">pandemia do coronav\u00edrus<\/a><\/strong>&nbsp;no Brasil e mostrou que o n\u00famero de recuperados j\u00e1 superou o de pessoas ainda em tratamento no pa\u00eds.<\/p>\n\n\n\n<p>Segundo os dados divulgados no site especificamente criado para o acompanhamento da pandemia no pa\u00eds (covid.saude.gov.br), o n\u00famero de pessoas recuperadas do coronav\u00edrus chegou a 571.649, enquanto o n\u00famero de casos ainda em acompanhamento \u00e9 de 483.550.<\/p>\n\n\n\n<p>O site tamb\u00e9m indicou que o n\u00famero de pessoas recuperadas j\u00e1 \u00e9 mais que 10 vezes o n\u00famero de \u00f3bitos registrados (51.271).<\/p>\n\n\n\n<p><strong>Pandemia retrocedendo<\/strong><\/p>\n\n\n\n<p>Segundo&nbsp;<strong><a href=\"https:\/\/guiame.com.br\/gospel\/noticias\/mais-de-412-mil-pessoas-estao-recuperadas-do-coronavirus-no-brasil.html\">dados divulgados pelo projeto \u2018Covid-19 Analytics\u2019<\/a><\/strong>, feito em parceria pela PUC-Rio (Pontif\u00edcia Universidade Cat\u00f3lica do Rio de Janeiro) e a FGV (Funda\u00e7\u00e3o Get\u00falio Vargas), nas \u00faltimas semanas, o Brasil tem visto a pandemia recuar em pelo menos sete estados.<\/p>\n\n\n\n<p>Os pesquisadores explicaram que a lista desses estados inclui: Acre, Amazonas, Maranh\u00e3o, Par\u00e1, Pernambuco, Roraima e Tocantins.<\/p>\n\n\n\n<p>Pesquisador da Universidade da Calif\u00f3rnia e do N\u00facleo de An\u00e1lise Estat\u00edstica de Dados da PUC-Rio, Gabriel Vasconcelos tamb\u00e9m indicou que o Brasil tem apresentado queda na taxa de mortalidade que tem o v\u00edrus como causa.<\/p>\n\n\n\n<p>&#8220;Parece que, para o Brasil como um todo, ainda n\u00e3o estamos no pico de casos. O lado bom \u00e9 que a taxa de mortalidade vem caindo. J\u00e1 foi 7% e agora \u00e9 4,9%, e a tend\u00eancia \u00e9 de queda&#8221;, afirmou.<\/p>\n\n\n\n<p>\n\nFONTE: GUIAME, COM INFORMA\u00c7\u00d5ES DO MINIST\u00c9RIO DA SA\u00daDE\n\n<\/p>\n","protected":false},"excerpt":{"rendered":"<p>Na tarde da \u00faltima segunda-feira (22), o Minist\u00e9rio da Sa\u00fade atualizou os dados sobre o acompanhamento da&nbsp;pandemia do coronav\u00edrus&nbsp;no Brasil e mostrou que o n\u00famero de recuperados j\u00e1 superou o de pessoas ainda em tratamento no pa\u00eds. Segundo os dados divulgados no site especificamente criado para o acompanhamento da pandemia no pa\u00eds (covid.saude.gov.br), o n\u00famero [&hellip;]<\/p>\n","protected":false},"author":2,"featured_media":6015,"comment_status":"open","ping_status":"open","sticky":false,"template":"","format":"standard","meta":[],"categories":[10],"tags":[],"_links":{"self":[{"href":"https:\/\/dgospel.com.br\/portal\/index.php\/wp-json\/wp\/v2\/posts\/6014"}],"collection":[{"href":"https:\/\/dgospel.com.br\/portal\/index.php\/wp-json\/wp\/v2\/posts"}],"about":[{"href":"https:\/\/dgospel.com.br\/portal\/index.php\/wp-json\/wp\/v2\/types\/post"}],"author":[{"embeddable":true,"href":"https:\/\/dgospel.com.br\/portal\/index.php\/wp-json\/wp\/v2\/users\/2"}],"replies":[{"embeddable":true,"href":"https:\/\/dgospel.com.br\/portal\/index.php\/wp-json\/wp\/v2\/comments?post=6014"}],"version-history":[{"count":1,"href":"https:\/\/dgospel.com.br\/portal\/index.php\/wp-json\/wp\/v2\/posts\/6014\/revisions"}],"predecessor-version":[{"id":6016,"href":"https:\/\/dgospel.com.br\/portal\/index.php\/wp-json\/wp\/v2\/posts\/6014\/revisions\/6016"}],"wp:featuredmedia":[{"embeddable":true,"href":"https:\/\/dgospel.com.br\/portal\/index.php\/wp-json\/wp\/v2\/media\/6015"}],"wp:attachment":[{"href":"https:\/\/dgospel.com.br\/portal\/index.php\/wp-json\/wp\/v2\/media?parent=6014"}],"wp:term":[{"taxonomy":"category","embeddable":true,"href":"https:\/\/dgospel.com.br\/portal\/index.php\/wp-json\/wp\/v2\/categories?post=6014"},{"taxonomy":"post_tag","embeddable":true,"href":"https:\/\/dgospel.com.br\/portal\/index.php\/wp-json\/wp\/v2\/tags?post=6014"}],"curies":[{"name":"wp","href":"https:\/\/api.w.org\/{rel}","templated":true}]}}