{"id":6017,"date":"2020-06-24T09:28:42","date_gmt":"2020-06-24T12:28:42","guid":{"rendered":"http:\/\/dgospel.com.br\/portal\/?p=6017"},"modified":"2020-06-24T09:28:44","modified_gmt":"2020-06-24T12:28:44","slug":"balanco-de-100-dias-da-pandemia-reune-determinacoes-do-governador-para-conter-a-proliferacao-da-covid-19-no-to","status":"publish","type":"post","link":"https:\/\/dgospel.com.br\/portal\/index.php\/2020\/06\/24\/balanco-de-100-dias-da-pandemia-reune-determinacoes-do-governador-para-conter-a-proliferacao-da-covid-19-no-to\/","title":{"rendered":"Balan\u00e7o de 100 dias da pandemia re\u00fane determina\u00e7\u00f5es do governador para conter a prolifera\u00e7\u00e3o da Covid-19 no TO"},"content":{"rendered":"\n<p>Amplia\u00e7\u00e3o do n\u00famero de leitos cl\u00ednicos e de Unidades de Terapia Intensiva (UTIs) para tratamento de pacientes diagnosticados com Covid-19, distribui\u00e7\u00e3o de cerca de 500 mil cestas b\u00e1sicas para fam\u00edlias atingidas pela crise, repasse integral aos munic\u00edpios de recursos do Minist\u00e9rio da Sa\u00fade (MS) para combate \u00e0 doen\u00e7a, libera\u00e7\u00e3o de cr\u00e9dito para empres\u00e1rios com restri\u00e7\u00f5es devido \u00e0 pandemia e pagamento de indeniza\u00e7\u00e3o financeira e de plant\u00e3o a profissionais da Sa\u00fade que atuam no combate \u00e0 Covid-19. Estas a\u00e7\u00f5es est\u00e3o entre as dezenas de medidas adotadas pelo Governo do Tocantins desde o dia 11 de mar\u00e7o, data em que a Organiza\u00e7\u00e3o Mundial da Sa\u00fade (OMS) declarou pandemia da Covid-19 no planeta.<\/p>\n\n\n\n<p>Desde ent\u00e3o, h\u00e1 exatos 102 dias, o governador do Estado do Tocantins, Mauro Carlesse, e toda equipe da Gest\u00e3o Estadual, al\u00e9m de outros Poderes, \u00f3rg\u00e3os p\u00fablicos e entidades da sociedade civil, por meio do Comit\u00ea de Crise para Preven\u00e7\u00e3o \u00e0 Covid-19, t\u00eam buscado trabalhar com a m\u00e1xima agilidade e estabelecer medidas efetivas de preven\u00e7\u00e3o, combate e controle da doen\u00e7a provocada pelo novo Coronav\u00edrus.<\/p>\n\n\n\n<p>Para possibilitar que os pacientes com diagn\u00f3stico positivo da doen\u00e7a tivessem atendimento hospitalar garantido, a Gest\u00e3o Estadual implantou e habilitou 42 leitos de UTI Covid-19 junto ao Minist\u00e9rio da Sa\u00fade. Os leitos est\u00e3o em Aragua\u00edna, com dez unidades no Hospital Dom Orione e outras dez no Hospital de Refer\u00eancia de Aragua\u00edna (HRA);&nbsp;e em Palmas, com 16 leitos no Hospital Geral de Palmas (HGP) e outros seis leitos no Hospital Infantil de Palmas (HIP). E ainda, outros dez leitos para UTI Covid-19&nbsp;foram implantados e s\u00e3o mantidos com recursos pr\u00f3prios do Estado no Hospital Regional de Gurupi, que tem atendido a demanda da regi\u00e3o sul do Estado.<\/p>\n\n\n\n<p>O Governo do Tocantins tamb\u00e9m trabalha para fortalecer a rede e instalar mais 38 leitos de UTI Covid-19: dez no Hospital Regional de Augustin\u00f3polis (HRA), 20 no Instituto Sinai de Aragua\u00edna e outros oito no Hospital Regional da cidade. Os equipamentos para a montagem destes novos oito leitos j\u00e1 foram enviados para Aragua\u00edna e atendendo a determina\u00e7\u00e3o do governador Mauro Carlesse, dez novos respiradores tamb\u00e9m foram para o Hospital de Augustin\u00f3polis.<\/p>\n\n\n\n<p>Atualmente, o Estado conta com 139 leitos cl\u00ednicos e 54 leitos de UTI Covid-19 e para ampliar ainda mais esta oferta, a Gest\u00e3o Estadual tamb\u00e9m requisitou administrativamente 70% dos leitos de UTI da rede privada para que popula\u00e7\u00e3o tocantinense n\u00e3o ficasse desassistida.<\/p>\n\n\n\n<p>\u201cTemos atuado com a\u00e7\u00f5es em v\u00e1rias frentes, mas principalmente no aumento da capacidade da oferta de mais leitos para tratamento da doen\u00e7a. J\u00e1 determinei que respiradores fossem para o Hospital Infantil de Aragua\u00edna, como para Augustin\u00f3polis. Embora tenhamos uma capacidade m\u00e9dia que n\u00e3o tem extrapolado os limites, temos buscado sempre ter uma margem para garantir que todos os que precisam de atendimento hospitalar sejam atendidos\u201d, afirma o governador Mauro Carlesse.<\/p>\n\n\n\n<p>Al\u00e9m do olhar atento \u00e0 estrutura de rede de Sa\u00fade, a Gest\u00e3o Estadual age com foco nos profissionais que v\u00eam atuando de forma heroica desde o registro dos primeiros casos. Como forma de reconhecer o trabalho executado por estes profissionais, o governador Mauro Carlesse, assinou Medidas Provis\u00f3rias (MPs) que estabelecem pagamento de indeniza\u00e7\u00e3o financeira e de plant\u00e3o aos servidores atuantes no combate \u00e0 Covid-19. \u201cEstas pessoas v\u00eam colocando suas vidas em risco. Nada mais justo que este reconhecimento\u201d, ratifica o Governador.<\/p>\n\n\n\n<p>Ainda no sentido de oferecer condi\u00e7\u00f5es para que os munic\u00edpios possam lidar com cen\u00e1rio atual, o governador Carlesse determinou repasse integral de recursos do Minist\u00e9rio da Sa\u00fade para combate \u00e0 Covid-19. Com a decis\u00e3o, cada munic\u00edpio tocantinense recebeu o valor de R$ 2,90 por habitante, em parcela \u00fanica. Este recurso contribui para manuten\u00e7\u00e3o da rede de sa\u00fade municipal e para evitar o aumento do n\u00famero de atendimentos nos hospitais de m\u00e9dia e alta complexidade estaduais.<\/p>\n\n\n\n<p>O Governador ainda decretou situa\u00e7\u00e3o de emerg\u00eancia, e posteriormente, estado de calamidade p\u00fablica no Tocantins, possibilitando a dispensa de licita\u00e7\u00e3o para aquisi\u00e7\u00e3o de bens, servi\u00e7os e insumos de sa\u00fade destinados ao enfrentamento da emerg\u00eancia de sa\u00fade p\u00fablica e autorizando o trabalho remoto para grupo de agentes p\u00fablicos considerados de risco. Tamb\u00e9m foi decretado uso obrigat\u00f3rio de m\u00e1scara em todo o Estado, a instala\u00e7\u00e3o de barreiras sanit\u00e1rias entre os munic\u00edpios e a desinfec\u00e7\u00e3o de cidades, pelo Corpo de Bombeiros, para conter propaga\u00e7\u00e3o da Covid-19.<\/p>\n\n\n\n<p>A Gest\u00e3o Estadual ainda mant\u00e9m reduzida a jornada de trabalho dos servidores do Estado, que est\u00e3o trabalhando, deste o dia 17 de mar\u00e7o, das 8 \u00e0s 14 horas.<\/p>\n\n\n\n<p><strong>Economia<\/strong><\/p>\n\n\n\n<p>Para minimizar os impactos negativos da pandemia na economia, o governador Mauro Carlesse determinou que a Ag\u00eancia de Fomento prorrogasse o prazo para o pagamento das parcelas de empr\u00e9stimos e financiamentos e disponibilizasse linha de cr\u00e9dito para ajudar empresas atingidas pela Covid-19. O Governo do Tocantins tamb\u00e9m lan\u00e7ou uma linha de cr\u00e9dito exclusiva para subsidiar os guias tur\u00edsticos registrados no Estado e que est\u00e3o com dificuldades econ\u00f4micas.<\/p>\n\n\n\n<p>O Governo ainda liberou cr\u00e9dito para empres\u00e1rios que estavam com restri\u00e7\u00f5es devido \u00e0 pandemia e sancionou a lei que institui Fundo de Fomento \u00e0 Economia para minimizar impactos da Covid-19. Podem ser beneficiadas com os recursos do Fundo, microempresas, empresas de pequeno e m\u00e9dio porte, microempreendedores individuais e empreendedores individuais e as pessoas naturais empreendedoras de atividade produtiva.<\/p>\n\n\n\n<p>Em decorr\u00eancia da pandemia, o governador Mauro Carlesse ainda determinou que fossem proibidos, pelo prazo de 90 dias, cortes de \u00e1gua e energia e prorrogou, pelo mesmo prazo, recolhimento de ICMS para micro e pequenas empresas do Tocantins. O setor representa 95% das empresas existentes no Estado.<\/p>\n\n\n\n<p>\u201cMesmo diante do cen\u00e1rio dif\u00edcil que se apresenta, por meio dessas a\u00e7\u00f5es, estamos conseguindo dar continuidade ao desenvolvimento da produ\u00e7\u00e3o do Estado, beneficiando micro, pequenos e m\u00e9dios empreendimentos que tamb\u00e9m precisam de um suporte nessa retomada da economia\u201d, ressalta o governador Mauro Carlesse.<\/p>\n\n\n\n<p>Ainda no m\u00eas de mar\u00e7o, o Governador determinou a antecipa\u00e7\u00e3o de f\u00e9rias escolares na rede estadual, o que fomentou a economia, visto que todos os servidores das unidades escolares receberam 1\/3 de suas f\u00e9rias antecipadamente.<\/p>\n\n\n\n<p>O Tocantins tamb\u00e9m est\u00e1 incentivando empresas a participarem do edital que disponibiliza R$ 132 milh\u00f5es para pesquisas de combate \u00e0 Covid-19.<\/p>\n\n\n\n<p><strong>Cestas b\u00e1sicas<\/strong><\/p>\n\n\n\n<p>Sens\u00edvel \u00e0 situa\u00e7\u00e3o das fam\u00edlias que t\u00eam enfrentado muitas dificuldades, o governador Mauro Carlesse determinou a realiza\u00e7\u00e3o de uma grande a\u00e7\u00e3o de distribui\u00e7\u00e3o de cestas b\u00e1sicas e kits de alimentos. A a\u00e7\u00e3o j\u00e1 distribuiu cerca de 500 mil cestas e tem beneficiado mototaxistas, artes\u00e3os, m\u00fasicos, fam\u00edlias que vivem nos assentamentos espalhados pelo interior do Estado, comunidades quilombolas, profissionais aut\u00f4nomos, fam\u00edlias de alunos da Rede Estadual de Ensino e, agora, tamb\u00e9m, os das redes municipais. A entrega dos alimentos j\u00e1 come\u00e7ou em Aragua\u00edna, onde 21.154 alunos da rede municipal ser\u00e3o beneficiados.<\/p>\n\n\n\n<p>\u201cAs pessoas est\u00e3o vivendo momentos de grande dificuldade de trabalho, de n\u00e3o ter condi\u00e7\u00f5es de levar o p\u00e3o para suas casas e \u00e9 com grande satisfa\u00e7\u00e3o que estamos conseguindo estender esta contribui\u00e7\u00e3o para as nossas crian\u00e7as das redes municipais. No que pudermos, vamos continuar contribuindo\u201d, destaca o governador Mauro Carlesse.<\/p>\n\n\n\n<p><strong>Aquisi\u00e7\u00e3o de EPIs e testes<\/strong><\/p>\n\n\n\n<p>Doze dias ap\u00f3s a declara\u00e7\u00e3o de situa\u00e7\u00e3o de pandemia pela OMS, o governador Mauro Carlesse determinou a aquisi\u00e7\u00e3o de 6 mil testes r\u00e1pidos para Covid-19 e refor\u00e7ou o estoque de Equipamentos de Prote\u00e7\u00e3o Individual (EPIs) para seguran\u00e7a dos profissionais de sa\u00fade que atuam nos hospitais.<\/p>\n\n\n\n<p>A Gest\u00e3o Estadual tamb\u00e9m estabeleceu normas e convidou profissionais e estudantes da \u00e1rea da sa\u00fade para atuarem como volunt\u00e1rios durante a pandemia da Covid-19, refor\u00e7ando a atua\u00e7\u00e3o dos profissionais que j\u00e1 atuam nos hospitais.<\/p>\n\n\n\n<p>O governador Mauro Carlesse ainda regulamentou regime especial de adiantamento para enfrentamento de emerg\u00eancias da Covid-19. Com isso, passam a ter mais celeridade as aquisi\u00e7\u00f5es e as contrata\u00e7\u00f5es destinadas ao enfrentamento de emerg\u00eancias decorrentes do novo Coronav\u00edrus no Estado. Isso porque, a concess\u00e3o de suprimento de fundos, tamb\u00e9m conhecida como regime de adiantamento, teve seus limites ampliados nas opera\u00e7\u00f5es dessa natureza.<\/p>\n\n\n\n<p><strong>Suspens\u00f5es, proibi\u00e7\u00f5es e retorno gradativo<\/strong><\/p>\n\n\n\n<p>Na agenda de medidas de restri\u00e7\u00f5es, o Governo do Estado tamb\u00e9m atuou de forma incisiva. O governador Mauro Carlesse determinou a suspens\u00e3o de visitas nas unidades dos sistemas Penitenci\u00e1rio e Prisional e suspendeu, por meio de decreto, as visita\u00e7\u00f5es aos parques estaduais (Cant\u00e3o, Jalap\u00e3o, Lajeado e Monumento Natural das \u00c1rvores Fossilizadas) e as visitas tur\u00edsticas ao Pal\u00e1cio Araguaia e ao Museu Palacinho.<\/p>\n\n\n\n<p>Tamb\u00e9m continuam suspensas as atividades em pra\u00e7as esportivas sob a gest\u00e3o do Poder P\u00fablico Estadual ou de propriedade deste, tais quais est\u00e1dios, gin\u00e1sios ou qualquer outra pra\u00e7a ou equipamento de uso compartilhado.<\/p>\n\n\n\n<p>Outra proibi\u00e7\u00e3o diz respeito \u00e0 presta\u00e7\u00e3o de servi\u00e7o de transporte coletivo urbano e rural, bem como do transporte coletivo intermunicipal de passageiros, p\u00fablico e privado. Est\u00e1 proibida a circula\u00e7\u00e3o daqueles que excedam \u00e0 metade da capacidade de usu\u00e1rios sentados.<\/p>\n\n\n\n<p>O Estado mant\u00e9m a suspens\u00e3o de aulas nas unidades escolares privadas, na Rede P\u00fablica Estadual de Ensino e na Universidade Estadual do Tocantins (Unitins), mas j\u00e1 estuda formas de um retorno gradativo. Uma proposta apresentada pelo Estado traz cinco pilares para o retorno das aulas: a seguran\u00e7a dos profissionais da educa\u00e7\u00e3o e dos estudantes; o respeito \u00e0 diversidade da comunidade escolar do Estado; a garantia da conclus\u00e3o do ano letivo para os estudantes da 3\u00aa s\u00e9rie do ensino m\u00e9dio dentro do calend\u00e1rio civil de 2020; a garantia da conclus\u00e3o do ano letivo para todos os estudantes, independente do calend\u00e1rio civil; e a garantia de que o ano letivo de 2021 transcorra independente do cen\u00e1rio de 2020.<\/p>\n\n\n\n<p><strong>Inova\u00e7\u00e3o em eventos virtuais<\/strong><\/p>\n\n\n\n<p>Diante do novo cen\u00e1rio que o mundo todo tem enfrentado, o Tocantins tem buscado se adequar e conseguir novas formas de continuar as a\u00e7\u00f5es de governo e as pol\u00edticas p\u00fablicas. Exemplo disso foi a realiza\u00e7\u00e3o da Feira Agrotecnol\u00f3gica do Tocantins &#8211; Agrotins 2020 100% Digital. Para evitar a aglomera\u00e7\u00e3o que ocorreria no modo presencial, o Tocantins saiu na frente e inovou ao promover a feira inteiramente em plataforma on-line.<\/p>\n\n\n\n<p>Outro evento que teve formato diferente&nbsp;foi o lan\u00e7amento da Campanha de Febre Aftosa, que foi lan\u00e7ada pelo governador Mauro Carlesse por meio de live nas redes sociais, al\u00e9m do programa preparat\u00f3rio para o Enem, que teve lan\u00e7amento por meio de canal no YouTube.<\/p>\n\n\n\n<p><strong>Mais medidas<\/strong><\/p>\n\n\n\n<p>Mais uma a\u00e7\u00e3o que beneficiou fam\u00edlias tocantinenses foi a repatria\u00e7\u00e3o de estudantes da Bol\u00edvia e do Paraguai. O retorno ao Brasil s\u00f3 foi poss\u00edvel gra\u00e7as \u00e0 gest\u00e3o do Governo do Tocantins, junto ao Itamaraty.<\/p>\n\n\n\n<p>Em outro campo, atento \u00e0 poss\u00edvel pr\u00e1tica de sobrepre\u00e7o que pode ocorrer no per\u00edodo de pandemia, o Estado solicitou, aos \u00f3rg\u00e3os fiscalizadores, que apurem se h\u00e1 sobrepre\u00e7o na venda de m\u00e1scaras. O governador Mauro Carlesse tamb\u00e9m determinou que o Procon mantenha cont\u00ednuo monitoramento e orienta\u00e7\u00e3o aos estabelecimentos sobre a venda de \u00e1lcool em gel, luvas e m\u00e1scaras.<\/p>\n\n\n\n<p>O Governador ainda reiterou solicita\u00e7\u00e3o de apoio ao governo federal para o combate ao novo Coronav\u00edrus, por meio de videoconfer\u00eancias com governadores, com o presidente da Rep\u00fablica Jair Bolsonaro e com o vice-presidente, general Hamilton Mour\u00e3o. Ainda foi solicitado, ao governo federal, ajuda do Ex\u00e9rcito para triagem em aeroportos e rodovi\u00e1rias do Tocantins.<\/p>\n\n\n\n<p>Refor\u00e7ando o foco na divulga\u00e7\u00e3o de informa\u00e7\u00f5es claras e precisas aos cidad\u00e3os, o Tocantins tem disponibilizado todas as informa\u00e7\u00f5es sobre contratos referentes \u00e0 Covid-19 no Portal da Transpar\u00eancia. Al\u00e9m disso, foi criada uma C\u00e2mara T\u00e9cnica para analisar o desdobramento da pandemia no Estado, compartilhar resultados de estudos e oferecer solu\u00e7\u00f5es a partir de uma abordagem cient\u00edfica e tecnol\u00f3gica.<\/p>\n\n\n\n<p>A\u00e7\u00f5es de comunica\u00e7\u00e3o foram promovidas para alertar a popula\u00e7\u00e3o sobre os cuidados de preven\u00e7\u00e3o ao novo Coronav\u00edrus e tamb\u00e9m mostrando a import\u00e2ncia do isolamento social. Dentre os ve\u00edculos utilizados estavam carros de som, veicula\u00e7\u00e3o de spots em r\u00e1dios, banners na internet, divulga\u00e7\u00e3o em redes sociais e tamb\u00e9m de VTs em emissoras de TV.<\/p>\n","protected":false},"excerpt":{"rendered":"<p>Amplia\u00e7\u00e3o do n\u00famero de leitos cl\u00ednicos e de Unidades de Terapia Intensiva (UTIs) para tratamento de pacientes diagnosticados com Covid-19, distribui\u00e7\u00e3o de cerca de 500 mil cestas b\u00e1sicas para fam\u00edlias atingidas pela crise, repasse integral aos munic\u00edpios de recursos do Minist\u00e9rio da Sa\u00fade (MS) para combate \u00e0 doen\u00e7a, libera\u00e7\u00e3o de cr\u00e9dito para empres\u00e1rios com restri\u00e7\u00f5es [&hellip;]<\/p>\n","protected":false},"author":2,"featured_media":6018,"comment_status":"open","ping_status":"open","sticky":false,"template":"","format":"standard","meta":[],"categories":[3],"tags":[],"_links":{"self":[{"href":"https:\/\/dgospel.com.br\/portal\/index.php\/wp-json\/wp\/v2\/posts\/6017"}],"collection":[{"href":"https:\/\/dgospel.com.br\/portal\/index.php\/wp-json\/wp\/v2\/posts"}],"about":[{"href":"https:\/\/dgospel.com.br\/portal\/index.php\/wp-json\/wp\/v2\/types\/post"}],"author":[{"embeddable":true,"href":"https:\/\/dgospel.com.br\/portal\/index.php\/wp-json\/wp\/v2\/users\/2"}],"replies":[{"embeddable":true,"href":"https:\/\/dgospel.com.br\/portal\/index.php\/wp-json\/wp\/v2\/comments?post=6017"}],"version-history":[{"count":1,"href":"https:\/\/dgospel.com.br\/portal\/index.php\/wp-json\/wp\/v2\/posts\/6017\/revisions"}],"predecessor-version":[{"id":6019,"href":"https:\/\/dgospel.com.br\/portal\/index.php\/wp-json\/wp\/v2\/posts\/6017\/revisions\/6019"}],"wp:featuredmedia":[{"embeddable":true,"href":"https:\/\/dgospel.com.br\/portal\/index.php\/wp-json\/wp\/v2\/media\/6018"}],"wp:attachment":[{"href":"https:\/\/dgospel.com.br\/portal\/index.php\/wp-json\/wp\/v2\/media?parent=6017"}],"wp:term":[{"taxonomy":"category","embeddable":true,"href":"https:\/\/dgospel.com.br\/portal\/index.php\/wp-json\/wp\/v2\/categories?post=6017"},{"taxonomy":"post_tag","embeddable":true,"href":"https:\/\/dgospel.com.br\/portal\/index.php\/wp-json\/wp\/v2\/tags?post=6017"}],"curies":[{"name":"wp","href":"https:\/\/api.w.org\/{rel}","templated":true}]}}