{"id":6020,"date":"2020-06-24T09:30:20","date_gmt":"2020-06-24T12:30:20","guid":{"rendered":"http:\/\/dgospel.com.br\/portal\/?p=6020"},"modified":"2020-06-24T09:30:21","modified_gmt":"2020-06-24T12:30:21","slug":"governo-do-tocantins-promove-acao-educativa-de-prevencao-a-covid-19-em-restaurantes-de-palmas","status":"publish","type":"post","link":"https:\/\/dgospel.com.br\/portal\/index.php\/2020\/06\/24\/governo-do-tocantins-promove-acao-educativa-de-prevencao-a-covid-19-em-restaurantes-de-palmas\/","title":{"rendered":"Governo do Tocantins promove a\u00e7\u00e3o educativa de preven\u00e7\u00e3o \u00e0 Covid-19 em restaurantes de Palmas"},"content":{"rendered":"\n<p>O Governo do Tocantins, por interm\u00e9dio da Secretaria de Estado da Administra\u00e7\u00e3o (Secad), deflagrou nesta ter\u00e7a-feira, 23, mais uma a\u00e7\u00e3o educativa,&nbsp;com parceria e apoio da Associa\u00e7\u00e3o Brasileira de Bares e Restaurantes (Abrasel).&nbsp;<\/p>\n\n\n\n<p>O objetivo desta a\u00e7\u00e3o \u00e9 alertar propriet\u00e1rios de restaurantes e, em especial, seus clientes sobre a import\u00e2ncia de seguir as orienta\u00e7\u00f5es sanit\u00e1rias, para o conv\u00edvio social em meio \u00e0 pandemia do novo Coronav\u00edrus.<\/p>\n\n\n\n<p>As equipes de agentes p\u00fablicos se dividiram&nbsp;em tr\u00eas grupos, com o intuito de percorrer os estabelecimentos da regi\u00e3o central, norte, sul e praia da Graciosa. Ao todo, foram visitados 23 restaurantes e abordadas mais de 100 pessoas com orienta\u00e7\u00f5es sanit\u00e1rias.<\/p>\n\n\n\n<p>Segundo o secret\u00e1rio de Estado da Administra\u00e7\u00e3o, Bruno Barreto, a a\u00e7\u00e3o &#8220;n\u00e3o tem car\u00e1ter punitivo, mas conforme determina\u00e7\u00e3o do governador Mauro Carlesse, a finalidade \u00e9 alertar empres\u00e1rios e clientes sobre a import\u00e2ncia de manter os estabelecimentos funcionando de acordo com as normas sanit\u00e1rias. N\u00e3o devemos baixar a guarda, precisamos&nbsp;intensificar o grau de responsabiliza\u00e7\u00e3o tanto para os empres\u00e1rios que ficaram tanto tempo com baixo faturamento quanto para aqueles que dependem desse emprego\u201d, enfatizou.<\/p>\n\n\n\n<p>Mesas com no m\u00e1ximo oito lugares e o uso de luvas descart\u00e1veis para se servir&nbsp;tamb\u00e9m fazem parte das recomenda\u00e7\u00f5es. \u201cN\u00f3s estamos cientes da necessidade de funcionamento dos restaurantes da cidade, contudo, \u00e9 uma preocupa\u00e7\u00e3o do governador Carlesse que mantenhamos a popula\u00e7\u00e3o alerta e o acesso \u00e0 informa\u00e7\u00e3o de cunho educativo \u00e9 primordial nesse momento\u201d, frisou Bruno Barreto.<\/p>\n\n\n\n<p>A presidente da Abrasel, Ana Paula Setti, refor\u00e7ou que o momento \u00e9 oportuno para que toda a sociedade se mobilize, de modo que os estabelecimentos n\u00e3o precisem fechar as portas mais uma vez.&nbsp;\u201cEstamos preocupados, porque se retomar o fechamento dos restaurantes ser\u00e1 um caos\u201d, lamentou.<\/p>\n\n\n\n<p>Para Ana Paula, o papel da entidade \u00e9 ajudar de forma a garantir o funcionamento e os milhares de empregos gerados pelo setor.<\/p>\n\n\n\n<p>De acordo com levantamento da Abrasel, o setor tem&nbsp;mais de 2 mil estabelecimentos em funcionamento gerando empregos na Capital.<\/p>\n\n\n\n<p>Para o propriet\u00e1rio de restaurante, Ailton Almeida, a a\u00e7\u00e3o \u00e9 necess\u00e1ria, principalmente, pelo foco na orienta\u00e7\u00e3o aos consumidores para os riscos de contamina\u00e7\u00e3o da Covid-19. \u201c\u00c9 muito importante que tenhamos a\u00e7\u00f5es como essa, pois com a abertura dos restaurantes depois de muito tempo fechado, \u00e9 necess\u00e1rio que todos se ajustem \u00e0&nbsp;nova realidade. E,&nbsp;seguir as recomenda\u00e7\u00f5es do decreto \u00e9 fundamental\u201d, afirmou.<\/p>\n\n\n\n<p><strong>A\u00e7\u00e3o<\/strong><\/p>\n\n\n\n<p>Com objetivo de alertar os comerciantes e a&nbsp;popula\u00e7\u00e3o a respeito das normas de conten\u00e7\u00e3o da Covid-19 e seguindo a determina\u00e7\u00e3o do governador Mauro Carlesse, a&nbsp;a\u00e7\u00e3o educativa teve in\u00edcio em abril deste ano.<\/p>\n\n\n\n<p>Na a\u00e7\u00e3o, est\u00e3o envolvidas&nbsp;Secretaria&nbsp;de Estado da Administra\u00e7\u00e3o; Secretaria&nbsp;de Estado da Sa\u00fade (SES); Secretaria&nbsp;de Estado da Cidadania e Justi\u00e7a; Procon; Secretaria&nbsp;de Estado da Seguran\u00e7a P\u00fablica;&nbsp;Pol\u00edcia Civil; Pol\u00edcia Militar; Ag\u00eancia de Metrologia; e Departamento Estadual de Tr\u00e2nsito (Detran).<\/p>\n","protected":false},"excerpt":{"rendered":"<p>O Governo do Tocantins, por interm\u00e9dio da Secretaria de Estado da Administra\u00e7\u00e3o (Secad), deflagrou nesta ter\u00e7a-feira, 23, mais uma a\u00e7\u00e3o educativa,&nbsp;com parceria e apoio da Associa\u00e7\u00e3o Brasileira de Bares e Restaurantes (Abrasel).&nbsp; O objetivo desta a\u00e7\u00e3o \u00e9 alertar propriet\u00e1rios de restaurantes e, em especial, seus clientes sobre a import\u00e2ncia de seguir as orienta\u00e7\u00f5es sanit\u00e1rias, para [&hellip;]<\/p>\n","protected":false},"author":2,"featured_media":6021,"comment_status":"open","ping_status":"open","sticky":false,"template":"","format":"standard","meta":[],"categories":[3],"tags":[],"_links":{"self":[{"href":"https:\/\/dgospel.com.br\/portal\/index.php\/wp-json\/wp\/v2\/posts\/6020"}],"collection":[{"href":"https:\/\/dgospel.com.br\/portal\/index.php\/wp-json\/wp\/v2\/posts"}],"about":[{"href":"https:\/\/dgospel.com.br\/portal\/index.php\/wp-json\/wp\/v2\/types\/post"}],"author":[{"embeddable":true,"href":"https:\/\/dgospel.com.br\/portal\/index.php\/wp-json\/wp\/v2\/users\/2"}],"replies":[{"embeddable":true,"href":"https:\/\/dgospel.com.br\/portal\/index.php\/wp-json\/wp\/v2\/comments?post=6020"}],"version-history":[{"count":1,"href":"https:\/\/dgospel.com.br\/portal\/index.php\/wp-json\/wp\/v2\/posts\/6020\/revisions"}],"predecessor-version":[{"id":6022,"href":"https:\/\/dgospel.com.br\/portal\/index.php\/wp-json\/wp\/v2\/posts\/6020\/revisions\/6022"}],"wp:featuredmedia":[{"embeddable":true,"href":"https:\/\/dgospel.com.br\/portal\/index.php\/wp-json\/wp\/v2\/media\/6021"}],"wp:attachment":[{"href":"https:\/\/dgospel.com.br\/portal\/index.php\/wp-json\/wp\/v2\/media?parent=6020"}],"wp:term":[{"taxonomy":"category","embeddable":true,"href":"https:\/\/dgospel.com.br\/portal\/index.php\/wp-json\/wp\/v2\/categories?post=6020"},{"taxonomy":"post_tag","embeddable":true,"href":"https:\/\/dgospel.com.br\/portal\/index.php\/wp-json\/wp\/v2\/tags?post=6020"}],"curies":[{"name":"wp","href":"https:\/\/api.w.org\/{rel}","templated":true}]}}