{"id":6023,"date":"2020-06-24T09:32:23","date_gmt":"2020-06-24T12:32:23","guid":{"rendered":"http:\/\/dgospel.com.br\/portal\/?p=6023"},"modified":"2020-06-24T09:32:25","modified_gmt":"2020-06-24T12:32:25","slug":"tocantins-chega-aos-100-dias-de-pandemia-com-um-dos-menores-indices-de-letalidade-da-regiao-norte","status":"publish","type":"post","link":"https:\/\/dgospel.com.br\/portal\/index.php\/2020\/06\/24\/tocantins-chega-aos-100-dias-de-pandemia-com-um-dos-menores-indices-de-letalidade-da-regiao-norte\/","title":{"rendered":"Tocantins chega aos 100 dias de pandemia com um dos menores \u00edndices de letalidade da regi\u00e3o norte"},"content":{"rendered":"\n<p>Nessa ter\u00e7a-feira, 23, o Estado do Tocantins completou 100 dias da primeira notifica\u00e7\u00e3o de casos da Covid-19 e contabiliza n\u00fameros positivos no combate \u00e0 pandemia que assola o mundo.&nbsp;Decretos e portarias estaduais com medidas restritivas; convoca\u00e7\u00f5es de profissionais; amplia\u00e7\u00e3o da assist\u00eancia; atendimentos aos acometidos pela doen\u00e7a e o engajamento diuturno da equipe multiprofissional da Secretaria de Estado da Sa\u00fade (SES), em todas as \u00e1reas de atua\u00e7\u00e3o, buscam a supera\u00e7\u00e3o do problema sem grandes consequ\u00eancias para a popula\u00e7\u00e3o tocantinense.<\/p>\n\n\n\n<p>Nesses 100 dias, segundo o \u00faltimo boletim epidemiol\u00f3gico do dia 23\/06\/2020, com informa\u00e7\u00f5es do Centro de Informa\u00e7\u00f5es Estrat\u00e9gicas de Vigil\u00e2ncia em Sa\u00fade (CIEVS\/TO), baseado nas an\u00e1lises do Laborat\u00f3rio Central de Sa\u00fade P\u00fablica do Tocantins (Lacen) &nbsp;e nas informa\u00e7\u00f5es encaminhadas pelos munic\u00edpios, o Tocantins j\u00e1 registrou &nbsp;8.766 casos no total (em 110 munic\u00edpios), destes, 5.548 pacientes est\u00e3o recuperados, 3.039 pacientes est\u00e3o ainda em isolamento domiciliar ou hospitalar e 179 pacientes foram a \u00f3bito (em 43 munic\u00edpios), com uma taxa de letalidade de 2,04%, do total confirmado no Estado.<\/p>\n\n\n\n<p>O n\u00famero de recuperados (5.5548) corresponde a 63,2% do total de casos confirmados (8.766) em todo o Estado. Os dados mostram que neste est\u00e1gio da pandemia no Tocantins, o n\u00famero de casos recuperados cresce numa propor\u00e7\u00e3o maior que o de casos ativos, o que pode ser entendido como uma desacelera\u00e7\u00e3o do cont\u00e1gio no Estado.<\/p>\n\n\n\n<p>Conforme dados do Minist\u00e9rio da Sa\u00fade (MS) e do CIEVS\/TO, com 24,4 mortes por 100 mil habitantes, o Tocantins tem a menor taxa de mortalidade dentre os Estados da regi\u00e3o Norte que tem 47,8 mortes para a mesma quantidade populacional.<\/p>\n\n\n\n<p>\u201cLamentamos com as fam\u00edlias a perda de cada tocantinense que veio a \u00f3bito em decorr\u00eancia do novo Coronav\u00edrus, mas queremos destacar que n\u00e3o temos medido esfor\u00e7os para minimizar as consequ\u00eancias desta pandemia que tem efeitos avassaladores em todo o planeta. Temos feito a\u00e7\u00f5es pontuais, conseguido ampliar nosso atendimento e a felicidade de dizer que at\u00e9 o presente momento nenhuma v\u00edtima deixou de ser atendida por falta de vagas ou medica\u00e7\u00e3o necess\u00e1ria para o tratamento\u201d, destacou o titular da SES, Dr Edgar Tollini.<\/p>\n\n\n\n<p>Entre as a\u00e7\u00f5es mencionadas pelo gestor est\u00e1 a implanta\u00e7\u00e3o e amplia\u00e7\u00e3o dos leitos cl\u00ednicos e de Unidade de Terapia Intensiva (UTI) pelo Sistema \u00danico de Sa\u00fade (SUS). De acordo com o \u00faltimo Relat\u00f3rio Situacional de Enfrentamento da Codiv-19, divulgado pela SES, no dia 18 de junho de 2020, atualmente s\u00e3o 167 leitos cl\u00ednicos (em 18 munic\u00edpios) e 52 leitos de UTI (em cinco munic\u00edpios), com retaguarda dos 9 leitos de estabiliza\u00e7\u00e3o (em cinco munic\u00edpios), com capacidade de atendimento de urg\u00eancia e emerg\u00eancia em todas as regi\u00f5es do Estado, conforme disp\u00f5e a Resolu\u00e7\u00e3o CIB N\u00ba 109, de 10 de junho de 2020.<\/p>\n\n\n\n<p>O relat\u00f3rio aponta ainda, que desde o in\u00edcio do registro de casos de Covid-19 no Tocantins, ocorreram 333 interna\u00e7\u00f5es de pacientes confirmados positivos em unidades hospitalares sob gest\u00e3o estadual e 2.059 atendimentos em Pronto Socorro (PS) pelo motivo registrado como \u201cSuspeita de Covid-19\u201d nos referidos hospitais.<\/p>\n\n\n\n<p><strong>Restri\u00e7\u00f5es positivas<\/strong><\/p>\n\n\n\n<p>Desde o in\u00edcio da implanta\u00e7\u00e3o das medidas restritivas (Decretos&nbsp; n\u00ba 6.087 \u2013 27\/04\/2020 e &nbsp;n\u00ba 6.092 \u2013 05\/05\/2020), as quais determinaram o isolamento social e as restri\u00e7\u00f5es do movimento nas unidades hospitalares geridas pela SES, em observ\u00e2ncia \u00e0s&nbsp;recomenda\u00e7\u00f5es do Minist\u00e9rio da Sa\u00fade (MS), no que tange \u00e0s interna\u00e7\u00f5es em alojamentos conjunto, bem como a suspens\u00e3o&nbsp;das cirurgias eletivas teve resultado positivo na taxa de ocupa\u00e7\u00e3o da rede hospitalar que atualmente opera em torno de 33% do total de leitos e nas Unidades Hospitalares porte III a ocupa\u00e7\u00e3o m\u00e9dia \u00e9 de 65%.<\/p>\n\n\n\n<p><strong>For\u00e7a de trabalho<\/strong><\/p>\n\n\n\n<p>A SES conta com cerca de 12.337 servidores em seu quadro, destes, 9.693 est\u00e3o lotados nas Unidades Hospitalares sob gest\u00e3o estadual, perfazendo 78,6%, segundo dados do Sistema de RH no m\u00eas de maio e a pasta tem, ao longo da pandemia,ampliado a for\u00e7a de trabalho. Para tanto foi publicado o Edital&nbsp;&#8211; 3\/2020\/SES\/GASEC, o qual recebeu &nbsp;1.854 inscri\u00e7\u00f5es e at\u00e9 o dia &nbsp;18\/06\/2020, 784 profissionais inscritos j\u00e1 foram selecionados, contratados e encaminhados aos hospitais, exclusivamente para combate \u00e0 Covid-19.<\/p>\n\n\n\n<p><strong>Prote\u00e7\u00e3o dos trabalhadores<\/strong><\/p>\n\n\n\n<p>At\u00e9 o \u00faltimo dia 18, foram detectados 280 casos confirmados de trabalhadores de estabelecimentos de sa\u00fade sob gest\u00e3o da SES. O percentual de acometimento da Covid-19 entre os trabalhadores de sa\u00fade da SES \u00e9 de 2,88%, n\u00famero muito reduzido se comparado com os dados nacionais, cujo percentual \u00e9 de 15,9%, segundo informado no Boletim Epidemiol\u00f3gico Especial MS n\u00ba 16 divulgado na mesma data.<\/p>\n\n\n\n<p>A baixa taxa se deve ao constante abastecimento das unidades de sa\u00fade, com equipamentos de prote\u00e7\u00e3o individuais, os quais tem chegado tamb\u00e9m atrav\u00e9s da colabora\u00e7\u00e3o de empresas e \u00f3rg\u00e3os e institui\u00e7\u00f5es comprometidas com a responsabilidade social. Todas a unidades seguem abastecidas destes itens e o estoque da pasta ainda conta com mais de um milh\u00e3o de itens como luvas, aventais, m\u00e1scaras, \u00e1lcool, toucas e protetores faciais.<\/p>\n\n\n\n<p><strong>Testagem<\/strong><\/p>\n\n\n\n<p>O Estado segue a rotina de testagem, atrav\u00e9s do Lacen, respons\u00e1vel pela realiza\u00e7\u00e3o dos testes de RT-PCR (Rea\u00e7\u00e3o em Cadeia da Polimerase em Tempo Real), recomendado pelo Minist\u00e9rio da Sa\u00fade como padr\u00e3o ouro para o diagn\u00f3stico da doen\u00e7a dos quais o \u00f3rg\u00e3o det\u00e9m mais de 39 mil kits em estoque, mesmo ap\u00f3s realizar mais de 17 mil an\u00e1lises.<\/p>\n","protected":false},"excerpt":{"rendered":"<p>Nessa ter\u00e7a-feira, 23, o Estado do Tocantins completou 100 dias da primeira notifica\u00e7\u00e3o de casos da Covid-19 e contabiliza n\u00fameros positivos no combate \u00e0 pandemia que assola o mundo.&nbsp;Decretos e portarias estaduais com medidas restritivas; convoca\u00e7\u00f5es de profissionais; amplia\u00e7\u00e3o da assist\u00eancia; atendimentos aos acometidos pela doen\u00e7a e o engajamento diuturno da equipe multiprofissional da Secretaria [&hellip;]<\/p>\n","protected":false},"author":2,"featured_media":6024,"comment_status":"open","ping_status":"open","sticky":false,"template":"","format":"standard","meta":[],"categories":[3],"tags":[],"_links":{"self":[{"href":"https:\/\/dgospel.com.br\/portal\/index.php\/wp-json\/wp\/v2\/posts\/6023"}],"collection":[{"href":"https:\/\/dgospel.com.br\/portal\/index.php\/wp-json\/wp\/v2\/posts"}],"about":[{"href":"https:\/\/dgospel.com.br\/portal\/index.php\/wp-json\/wp\/v2\/types\/post"}],"author":[{"embeddable":true,"href":"https:\/\/dgospel.com.br\/portal\/index.php\/wp-json\/wp\/v2\/users\/2"}],"replies":[{"embeddable":true,"href":"https:\/\/dgospel.com.br\/portal\/index.php\/wp-json\/wp\/v2\/comments?post=6023"}],"version-history":[{"count":1,"href":"https:\/\/dgospel.com.br\/portal\/index.php\/wp-json\/wp\/v2\/posts\/6023\/revisions"}],"predecessor-version":[{"id":6025,"href":"https:\/\/dgospel.com.br\/portal\/index.php\/wp-json\/wp\/v2\/posts\/6023\/revisions\/6025"}],"wp:featuredmedia":[{"embeddable":true,"href":"https:\/\/dgospel.com.br\/portal\/index.php\/wp-json\/wp\/v2\/media\/6024"}],"wp:attachment":[{"href":"https:\/\/dgospel.com.br\/portal\/index.php\/wp-json\/wp\/v2\/media?parent=6023"}],"wp:term":[{"taxonomy":"category","embeddable":true,"href":"https:\/\/dgospel.com.br\/portal\/index.php\/wp-json\/wp\/v2\/categories?post=6023"},{"taxonomy":"post_tag","embeddable":true,"href":"https:\/\/dgospel.com.br\/portal\/index.php\/wp-json\/wp\/v2\/tags?post=6023"}],"curies":[{"name":"wp","href":"https:\/\/api.w.org\/{rel}","templated":true}]}}