{"id":6029,"date":"2020-06-25T17:49:47","date_gmt":"2020-06-25T20:49:47","guid":{"rendered":"http:\/\/dgospel.com.br\/portal\/?p=6029"},"modified":"2020-06-25T17:49:48","modified_gmt":"2020-06-25T20:49:48","slug":"bolsonaro-escolha-carlos-alberto-decotelli-da-silva-como-novo-ministro-da-educacao","status":"publish","type":"post","link":"https:\/\/dgospel.com.br\/portal\/index.php\/2020\/06\/25\/bolsonaro-escolha-carlos-alberto-decotelli-da-silva-como-novo-ministro-da-educacao\/","title":{"rendered":"Bolsonaro escolha Carlos Alberto Decotelli da Silva como novo ministro da Educa\u00e7\u00e3o"},"content":{"rendered":"\n<p>O presidente Jair\nBolsonaro anunciou Carlos Alberto Decotelli da Silva como novo ministro da\nEduca\u00e7\u00e3o. A informa\u00e7\u00e3o foi divulgada, nesta quinta-feira (25), nas redes\nsociais do chefe do Executivo.<\/p>\n\n\n\n<p>Decotelli assume a\npasta com a sa\u00edda de Abraham Weintraub. O ex-ministro se mudou para os Estados\nUnidos&nbsp;<a href=\"https:\/\/pleno.news\/brasil\/politica-nacional\/agradeco-aos-que-oram-por-mim-diz-weintraub-nos-eua.html\">onde ir\u00e1 assumir um cargo no Banco Mundial<\/a>. <\/p>\n\n\n\n<p>Bacharel em\nCi\u00eancias Econ\u00f4micas pela Universidade Estadual do Rio de Janeiro e mestre pela\nFunda\u00e7\u00e3o Get\u00falio Vargas, o novo ministro tamb\u00e9m \u00e9 doutor pela Universidade de\nRos\u00e1rio, na Argentina, e P\u00f3s-Doutor pela Universidade de Wuppertal, na\nAlemanha.<\/p>\n","protected":false},"excerpt":{"rendered":"<p>O presidente Jair Bolsonaro anunciou Carlos Alberto Decotelli da Silva como novo ministro da Educa\u00e7\u00e3o. A informa\u00e7\u00e3o foi divulgada, nesta quinta-feira (25), nas redes sociais do chefe do Executivo. Decotelli assume a pasta com a sa\u00edda de Abraham Weintraub. O ex-ministro se mudou para os Estados Unidos&nbsp;onde ir\u00e1 assumir um cargo no Banco Mundial. Bacharel [&hellip;]<\/p>\n","protected":false},"author":2,"featured_media":6030,"comment_status":"open","ping_status":"open","sticky":false,"template":"","format":"standard","meta":[],"categories":[6,4],"tags":[],"_links":{"self":[{"href":"https:\/\/dgospel.com.br\/portal\/index.php\/wp-json\/wp\/v2\/posts\/6029"}],"collection":[{"href":"https:\/\/dgospel.com.br\/portal\/index.php\/wp-json\/wp\/v2\/posts"}],"about":[{"href":"https:\/\/dgospel.com.br\/portal\/index.php\/wp-json\/wp\/v2\/types\/post"}],"author":[{"embeddable":true,"href":"https:\/\/dgospel.com.br\/portal\/index.php\/wp-json\/wp\/v2\/users\/2"}],"replies":[{"embeddable":true,"href":"https:\/\/dgospel.com.br\/portal\/index.php\/wp-json\/wp\/v2\/comments?post=6029"}],"version-history":[{"count":1,"href":"https:\/\/dgospel.com.br\/portal\/index.php\/wp-json\/wp\/v2\/posts\/6029\/revisions"}],"predecessor-version":[{"id":6031,"href":"https:\/\/dgospel.com.br\/portal\/index.php\/wp-json\/wp\/v2\/posts\/6029\/revisions\/6031"}],"wp:featuredmedia":[{"embeddable":true,"href":"https:\/\/dgospel.com.br\/portal\/index.php\/wp-json\/wp\/v2\/media\/6030"}],"wp:attachment":[{"href":"https:\/\/dgospel.com.br\/portal\/index.php\/wp-json\/wp\/v2\/media?parent=6029"}],"wp:term":[{"taxonomy":"category","embeddable":true,"href":"https:\/\/dgospel.com.br\/portal\/index.php\/wp-json\/wp\/v2\/categories?post=6029"},{"taxonomy":"post_tag","embeddable":true,"href":"https:\/\/dgospel.com.br\/portal\/index.php\/wp-json\/wp\/v2\/tags?post=6029"}],"curies":[{"name":"wp","href":"https:\/\/api.w.org\/{rel}","templated":true}]}}