{"id":6032,"date":"2020-06-25T17:53:40","date_gmt":"2020-06-25T20:53:40","guid":{"rendered":"http:\/\/dgospel.com.br\/portal\/?p=6032"},"modified":"2020-06-25T17:53:41","modified_gmt":"2020-06-25T20:53:41","slug":"conheca-a-trajetoria-do-novo-ministro-da-educacao","status":"publish","type":"post","link":"https:\/\/dgospel.com.br\/portal\/index.php\/2020\/06\/25\/conheca-a-trajetoria-do-novo-ministro-da-educacao\/","title":{"rendered":"Conhe\u00e7a a trajet\u00f3ria do novo ministro da Educa\u00e7\u00e3o"},"content":{"rendered":"\n<p> Escolhido pelo presidente Jair Bolsonaro para assumir o Minist\u00e9rio da Educa\u00e7\u00e3o, o oficial de reserva da Marinha Carlos Alberto Decotelli da Silva vai substituir Abraham Weintraub \u00e0 frente da pasta. O an\u00fancio foi feito pelo chefe do Executivo, nesta quinta-feira (25), em suas redes sociais. <\/p>\n\n\n\n<p> Na publica\u00e7\u00e3o, Bolsonaro destacou o curr\u00edculo do novo ministro, que \u00e9 bacharel em Ci\u00eancias Econ\u00f4micas pela Universidade Estadual do Rio de Janeiro e mestre pela Funda\u00e7\u00e3o Get\u00falio Vargas. Decotelli tamb\u00e9m \u00e9 doutor pela Universidade de Ros\u00e1rio, na Argentina, e P\u00f3s-Doutor pela Universidade de Wuppertal, na Alemanha. <\/p>\n\n\n\n<p>Aos 67 anos, Carlos Alberto Decotelli \u00e9 financista, escritor e professor. Ele trabalhou na equipe de transi\u00e7\u00e3o de Bolsonaro, ap\u00f3s a elei\u00e7\u00e3o presidencial em 2018, e atuou junto ao MEC no Centro Cultural Banco do Brasil (CCBB), em Bras\u00edlia.<\/p>\n\n\n\n<p>Antes de assumir o minist\u00e9rio, ele chegou a presidir o Fundo Nacional de Desenvolvimento da Educa\u00e7\u00e3o (FNDE), entre fevereiro e agosto de 2019, na gest\u00e3o do primeiro ministro da Educa\u00e7\u00e3o do governo Bolsonaro, Ricardo V\u00e9lez Rodr\u00edguez. Depois, passou para a Secretaria de Modalidades Especializadas do Minist\u00e9rio da Educa\u00e7\u00e3o.<\/p>\n\n\n\n<p>Carlos Alberto Decotelli ainda presidiu a Funda\u00e7\u00e3o Nacional de Sa\u00fade (Funasa), foi diretor administrativo financeiro e presidente do conselho de administra\u00e7\u00e3o da Companhia do Metropolitano de S\u00e3o Paulo (Metr\u00f4-SP) e trabalhou como assessor t\u00e9cnico e secret\u00e1rio parlamentar na C\u00e2mara dos Deputados.<\/p>\n\n\n\n<p>Ele tamb\u00e9m \u00e9 um dos autores de livros como Matem\u00e1tica Financeira Aplicada, Gest\u00e3o de Riscos no Agroneg\u00f3cio, Administra\u00e7\u00e3o Banc\u00e1ria \u2013 Uma Vis\u00e3o Aplicada e Gest\u00e3o de Finan\u00e7as Internacionais.<\/p>\n\n\n\n<p><\/p>\n\n\n\n<p>Fonte: pleno.news<\/p>\n","protected":false},"excerpt":{"rendered":"<p>Escolhido pelo presidente Jair Bolsonaro para assumir o Minist\u00e9rio da Educa\u00e7\u00e3o, o oficial de reserva da Marinha Carlos Alberto Decotelli da Silva vai substituir Abraham Weintraub \u00e0 frente da pasta. O an\u00fancio foi feito pelo chefe do Executivo, nesta quinta-feira (25), em suas redes sociais. Na publica\u00e7\u00e3o, Bolsonaro destacou o curr\u00edculo do novo ministro, que [&hellip;]<\/p>\n","protected":false},"author":2,"featured_media":6033,"comment_status":"open","ping_status":"open","sticky":false,"template":"","format":"standard","meta":[],"categories":[6,4],"tags":[],"_links":{"self":[{"href":"https:\/\/dgospel.com.br\/portal\/index.php\/wp-json\/wp\/v2\/posts\/6032"}],"collection":[{"href":"https:\/\/dgospel.com.br\/portal\/index.php\/wp-json\/wp\/v2\/posts"}],"about":[{"href":"https:\/\/dgospel.com.br\/portal\/index.php\/wp-json\/wp\/v2\/types\/post"}],"author":[{"embeddable":true,"href":"https:\/\/dgospel.com.br\/portal\/index.php\/wp-json\/wp\/v2\/users\/2"}],"replies":[{"embeddable":true,"href":"https:\/\/dgospel.com.br\/portal\/index.php\/wp-json\/wp\/v2\/comments?post=6032"}],"version-history":[{"count":1,"href":"https:\/\/dgospel.com.br\/portal\/index.php\/wp-json\/wp\/v2\/posts\/6032\/revisions"}],"predecessor-version":[{"id":6034,"href":"https:\/\/dgospel.com.br\/portal\/index.php\/wp-json\/wp\/v2\/posts\/6032\/revisions\/6034"}],"wp:featuredmedia":[{"embeddable":true,"href":"https:\/\/dgospel.com.br\/portal\/index.php\/wp-json\/wp\/v2\/media\/6033"}],"wp:attachment":[{"href":"https:\/\/dgospel.com.br\/portal\/index.php\/wp-json\/wp\/v2\/media?parent=6032"}],"wp:term":[{"taxonomy":"category","embeddable":true,"href":"https:\/\/dgospel.com.br\/portal\/index.php\/wp-json\/wp\/v2\/categories?post=6032"},{"taxonomy":"post_tag","embeddable":true,"href":"https:\/\/dgospel.com.br\/portal\/index.php\/wp-json\/wp\/v2\/tags?post=6032"}],"curies":[{"name":"wp","href":"https:\/\/api.w.org\/{rel}","templated":true}]}}