{"id":6035,"date":"2020-06-25T18:13:18","date_gmt":"2020-06-25T21:13:18","guid":{"rendered":"http:\/\/dgospel.com.br\/portal\/?p=6035"},"modified":"2020-06-25T18:13:19","modified_gmt":"2020-06-25T21:13:19","slug":"governo-do-to-solicita-e-vice-presidente-da-republica-confirma-apoio-nas-acoes-de-combate-a-queimadas-e-incendios-florestais","status":"publish","type":"post","link":"https:\/\/dgospel.com.br\/portal\/index.php\/2020\/06\/25\/governo-do-to-solicita-e-vice-presidente-da-republica-confirma-apoio-nas-acoes-de-combate-a-queimadas-e-incendios-florestais\/","title":{"rendered":"Governo do TO solicita e vice-presidente da Rep\u00fablica confirma apoio nas a\u00e7\u00f5es de combate a queimadas e inc\u00eandios florestais"},"content":{"rendered":"\n<p>O vice-governador do Estado do Tocantins, Wanderlei Barbosa, solicitou diretamente ao vice-presidente da Rep\u00fablica, Hamilton Mour\u00e3o, apoio nas a\u00e7\u00f5es de combate a queimadas e inc\u00eandios florestais que j\u00e1 est\u00e3o ocorrendo no Estado. O pedido foi feito nesta quinta-feira, 25, durante videoconfer\u00eancia com o vice-presidente e governadores dos estados que comp\u00f5em a Amaz\u00f4nia Legal para tratar sobre desmatamento e queimadas na regi\u00e3o.<\/p>\n\n\n\n<p>O vice-governador destacou a preocupa\u00e7\u00e3o da Gest\u00e3o Estadual em aumentar o efetivo de brigadistas para atua\u00e7\u00e3o nas a\u00e7\u00f5es de combate. \u201cJ\u00e1 estamos com quase 2 mil registros de inc\u00eandio no Tocantins e precisamos ter uma a\u00e7\u00e3o efetiva e conjunta. Aqui, o mesmo contingente dos bombeiros que est\u00e1 fazendo o combate aos inc\u00eandios \u00e9 utilizado na desinfec\u00e7\u00e3o das cidades por conta da Covid-19. Precisamos muito do apoio do governo federal. Queremos que o senhor [Vice-presidente] traga a condi\u00e7\u00e3o de melhorar a situa\u00e7\u00e3o\u201d, solicitou o vice-governador.<\/p>\n\n\n\n<p>O vice-governador Wanderlei Barbosa tamb\u00e9m ressaltou a necessidade do governo federal autorizar antecipadamente a atua\u00e7\u00e3o das for\u00e7as federais, Ex\u00e9rcito e Marinha, nas a\u00e7\u00f5es de combate \u00e0s queimadas. \u201cJ\u00e1 antecipamos a agenda e fizemos um comunicado ao presidente da Rep\u00fablica, pedindo a autoriza\u00e7\u00e3o para que o Ex\u00e9rcito chegue mais cedo. Ano passado foi tarde, quando chegou, j\u00e1 tinha queimado uma grande parte do nosso territ\u00f3rio. Agora, refor\u00e7amos o pedido para que essa agenda seja antecipada\u201d, ratificou.<\/p>\n\n\n\n<p>Em resposta \u00e0s demandas apontadas, o vice-presidente Hamilton Mour\u00e3o informou que foram contratados 3&nbsp;mil brigadistas tempor\u00e1rios para o Instituto Brasileiro do Meio Ambiente e dos Recursos Naturais Renov\u00e1veis (Ibama) e Instituto Chico Mendes de Conserva\u00e7\u00e3o da Biodiversidade (ICMBio). \u201cO ministro Ricardo Salles [ministro do Meio Ambiente&nbsp;que tamb\u00e9m participou da videoconfer\u00eancia] vai verificar como est\u00e1 a aloca\u00e7\u00e3o desses brigadistas no sentido de poder atender em melhores condi\u00e7\u00f5es a situa\u00e7\u00e3o do Tocantins\u201d, afirmou.<\/p>\n\n\n\n<p>Sobre a solicita\u00e7\u00e3o de atua\u00e7\u00e3o das for\u00e7as militares federais em conjunto com as estaduais, o vice-presidente Hamilton Mour\u00e3o informou que vai buscar meios de ajudar o Estado no que for poss\u00edvel. \u201cVou conversar com o ministro da Defesa, porque em um primeiro momento n\u00e3o foram previstas a\u00e7\u00f5es no Tocantins. Vou conversar de modo que o Comando Militar do Planalto, que tem jurisdi\u00e7\u00e3o sobre o Tocantins, possa empregar parcela de seus bens para auxiliar no combate \u00e0s queimadas\u201d, informou o vice-presidente da Rep\u00fablica.<\/p>\n\n\n\n<p><strong>Problemas respirat\u00f3rios<\/strong><\/p>\n\n\n\n<p>O vice-governador Wanderlei Barbosa ainda refor\u00e7ou que o per\u00edodo se torna ainda mais cr\u00edtico, porque as queimadas causam muita fuma\u00e7a o que acaba provocando um aumento significativo de doen\u00e7as respirat\u00f3rias. \u201cEstamos iniciando um per\u00edodo muito cr\u00edtico, quando j\u00e1 \u00e9 de costume aumentar o n\u00famero de pacientes que d\u00e3o entrada nos hospitais em decorr\u00eancia de doen\u00e7as respirat\u00f3rias, causadas pela fuma\u00e7a e pela poeira. Esta situa\u00e7\u00e3o se torna mais grave, porque estamos vivendo uma pandemia, quando nossas unidades tamb\u00e9m est\u00e3o tendo que lidar com os pacientes da Covid-19. Diante desta grande preocupa\u00e7\u00e3o, precisamos do apoio do Governo Federal\u201d, enfatizou.<\/p>\n\n\n\n<p>Respondendo, Hamilton Mour\u00e3o confirmou que toda ajuda poss\u00edvel ser\u00e1 dada ao Estado para que seja poss\u00edvel minimizar a ocorr\u00eancia das queimadas e, consequentemente, os casos de doen\u00e7as respirat\u00f3rias.<\/p>\n\n\n\n<p><strong>Cen\u00e1rio nos outros estados<\/strong><\/p>\n\n\n\n<p>Durante a videoconfer\u00eancia, o governador do Amap\u00e1, Ant\u00f4nio Waldez G\u00f3es da Silva, presidente do Cons\u00f3rcio Interestadual de Desenvolvimento Sustent\u00e1vel da Amaz\u00f4nia Legal, refor\u00e7ou que o momento exige a soma de for\u00e7as para que se consiga os melhores resultados. \u201cEsta \u00e9 uma grande oportunidade para que possamos integrar e apoiar as a\u00e7\u00f5es voltadas para a Amaz\u00f4nia. Com uni\u00e3o, podemos ter muito mais sucesso para inibir, combater e controlar as atividades ilegais que ocorrem neste espa\u00e7o\u201d, pontuou.<\/p>\n\n\n\n<p>O governador do Mato Grosso, Mauro Mendes, falou que o estado vem endurecendo o trabalho de fiscaliza\u00e7\u00e3o para que as pessoas n\u00e3o se sintam encorajadas a cometer crimes ambientais. \u201cAqui, estamos fazendo tudo o que podemos para frear e punir as pessoas que est\u00e3o cometendo crimes. Este ano, j\u00e1 chegamos a R$ 550 milh\u00f5es em multas aplicadas\u201d, informou.<\/p>\n\n\n\n<p>Helder Barbalho, governador do Par\u00e1, destacou que o desafio na Amaz\u00f4nia vai al\u00e9m do ambiental. \u201cPara que a atividade ambiental esteja preservada, \u00e9 fundamental que haja integra\u00e7\u00e3o com a agenda territorial, produtiva e econ\u00f4mica. Apenas olhar a preserva\u00e7\u00e3o do meio ambiente \u00e9 pouco efetivo\u201d, afirmou.<\/p>\n\n\n\n<p>O governador de Roraima, Ant\u00f4nio Denarium, disse que a quest\u00e3o do desmatamento e das queimadas s\u00f3 ser\u00e1 resolvida com a regulariza\u00e7\u00e3o fundi\u00e1ria e com o zoneamento ecol\u00f3gico e econ\u00f4mico, que vai definir as \u00e1reas de prote\u00e7\u00e3o e de preserva\u00e7\u00e3o.<\/p>\n\n\n\n<p>Marcos Rocha, governador de Rond\u00f4nia, refor\u00e7ou que as agendas dos estados s\u00e3o parecidas e que tamb\u00e9m deve haver a preocupa\u00e7\u00e3o com a produ\u00e7\u00e3o. J\u00e1 o governador do Maranh\u00e3o, Fl\u00e1vio Dino, sugeriu que, al\u00e9m das a\u00e7\u00f5es efetivas de combate, fosse trabalhada uma a\u00e7\u00e3o nacional no plano da comunica\u00e7\u00e3o. \u201cSugiro que sejam realizadas a\u00e7\u00f5es de educa\u00e7\u00e3o ambiental em n\u00edvel macro\u201d.<\/p>\n\n\n\n<p><strong>Fundo Amaz\u00f4nico<\/strong><\/p>\n\n\n\n<p>O vice-presidente da Rep\u00fablica informou, durante a reuni\u00e3o virtual, que vem dialogando com pa\u00edses para que se consiga o desbloqueio do Fundo Amaz\u00f4nico. \u201cEstamos conversando com os pa\u00edses doadores. Temos R$ 2,8 bilh\u00f5es parados neste Fundo e lembramos que o pr\u00e9-requisito fundamental para recuperar a credibilidade do Brasil nesta negocia\u00e7\u00e3o consiste na apresenta\u00e7\u00e3o de dados positivos em termos de desmatamento e queimadas na regi\u00e3o amaz\u00f4nica\u201d, acrescentando que a reativa\u00e7\u00e3o do Fundo teria um valor simb\u00f3lico para recuperar a imagem do pa\u00eds no exterior&#8221;, contou.<\/p>\n\n\n\n<p>O governador do Amazonas, Wilson Miranda Lima, avaliou que a retomada do Fundo Amaz\u00f4nico \u00e9 importante por dois motivos. \u201cVai nos ofertar a possibilidade de recursos para investir em projetos que s\u00e3o priorit\u00e1rios para o desenvolvimento sustent\u00e1vel. Al\u00e9m disso, em termos de imagem, isto \u00e9 muito simb\u00f3lico para que possamos caminhar com outros investimentos nesta \u00e1rea de sustentabilidade\u201d, afirmou.<\/p>\n\n\n\n<p>Wherles Fernandes da Rocha, vice-governador do Acre, enfatizou que o incremento financeiro do Fundo pode ser de grande ajuda para os estados. \u201cPrecisamos do incremento da for\u00e7a de recursos que hoje est\u00e3o bloqueados no Fundo Amaz\u00f4nia, pois temos v\u00e1rios projetos que ser\u00e3o de grande import\u00e2ncia neste momento p\u00f3s-pandemia, quando haver\u00e1 uma press\u00e3o muito grande no sentido de aumentar a explora\u00e7\u00e3o em nossa floresta\u201d, afirmou.<\/p>\n\n\n\n<p><strong>Como funciona o Fundo<\/strong><\/p>\n\n\n\n<p>No fim de maio, o vice-presidente da Rep\u00fablica, Hamilton Mour\u00e3o, anunciou que iria reativar o Fundo Amaz\u00f4nia, financiado por Noruega e Alemanha e suspenso desde 2019, e que assumiria o seu comando, que antes estava a cargo do ministro do Meio Ambiente, Ricardo Salles.<\/p>\n\n\n\n<p>Criado em 2008, o Fundo Amaz\u00f4nia, destinado \u00e0 preserva\u00e7\u00e3o da regi\u00e3o, \u00e9 mantido sobretudo com doa\u00e7\u00f5es de Noruega e Alemanha e gerenciado pelo Banco Nacional de Desenvolvimento Econ\u00f4mico e Social (BNDES).<\/p>\n\n\n\n<p>Ap\u00f3s o desmatamento ter aumentado no ano passado, a Noruega, principal doadora do fundo, anunciou o bloqueio de recursos destinados \u00e0 prote\u00e7\u00e3o da Amaz\u00f4nia. Tamb\u00e9m a ministra alem\u00e3 do Meio Ambiente, Svenja Schulze, anunciou a suspens\u00e3o do financiamento de projetos para a prote\u00e7\u00e3o da floresta e da biodiversidade na Amaz\u00f4nia, devido ao aumento do desmatamento na regi\u00e3o.<\/p>\n\n\n\n<p>A doa\u00e7\u00e3o de recursos para o Fundo Amaz\u00f4nia \u00e9 condicionada \u00e0 redu\u00e7\u00e3o das emiss\u00f5es de gases de efeito estufa oriundas do desmatamento, calculadas por um comit\u00ea t\u00e9cnico, ou seja, \u00e9 preciso comprovar a redu\u00e7\u00e3o do desmatamento na Amaz\u00f4nia para viabilizar a capta\u00e7\u00e3o de verbas.<\/p>\n","protected":false},"excerpt":{"rendered":"<p>O vice-governador do Estado do Tocantins, Wanderlei Barbosa, solicitou diretamente ao vice-presidente da Rep\u00fablica, Hamilton Mour\u00e3o, apoio nas a\u00e7\u00f5es de combate a queimadas e inc\u00eandios florestais que j\u00e1 est\u00e3o ocorrendo no Estado. O pedido foi feito nesta quinta-feira, 25, durante videoconfer\u00eancia com o vice-presidente e governadores dos estados que comp\u00f5em a Amaz\u00f4nia Legal para tratar [&hellip;]<\/p>\n","protected":false},"author":2,"featured_media":6036,"comment_status":"open","ping_status":"open","sticky":false,"template":"","format":"standard","meta":[],"categories":[3],"tags":[],"_links":{"self":[{"href":"https:\/\/dgospel.com.br\/portal\/index.php\/wp-json\/wp\/v2\/posts\/6035"}],"collection":[{"href":"https:\/\/dgospel.com.br\/portal\/index.php\/wp-json\/wp\/v2\/posts"}],"about":[{"href":"https:\/\/dgospel.com.br\/portal\/index.php\/wp-json\/wp\/v2\/types\/post"}],"author":[{"embeddable":true,"href":"https:\/\/dgospel.com.br\/portal\/index.php\/wp-json\/wp\/v2\/users\/2"}],"replies":[{"embeddable":true,"href":"https:\/\/dgospel.com.br\/portal\/index.php\/wp-json\/wp\/v2\/comments?post=6035"}],"version-history":[{"count":1,"href":"https:\/\/dgospel.com.br\/portal\/index.php\/wp-json\/wp\/v2\/posts\/6035\/revisions"}],"predecessor-version":[{"id":6037,"href":"https:\/\/dgospel.com.br\/portal\/index.php\/wp-json\/wp\/v2\/posts\/6035\/revisions\/6037"}],"wp:featuredmedia":[{"embeddable":true,"href":"https:\/\/dgospel.com.br\/portal\/index.php\/wp-json\/wp\/v2\/media\/6036"}],"wp:attachment":[{"href":"https:\/\/dgospel.com.br\/portal\/index.php\/wp-json\/wp\/v2\/media?parent=6035"}],"wp:term":[{"taxonomy":"category","embeddable":true,"href":"https:\/\/dgospel.com.br\/portal\/index.php\/wp-json\/wp\/v2\/categories?post=6035"},{"taxonomy":"post_tag","embeddable":true,"href":"https:\/\/dgospel.com.br\/portal\/index.php\/wp-json\/wp\/v2\/tags?post=6035"}],"curies":[{"name":"wp","href":"https:\/\/api.w.org\/{rel}","templated":true}]}}