{"id":6038,"date":"2020-06-25T18:16:12","date_gmt":"2020-06-25T21:16:12","guid":{"rendered":"http:\/\/dgospel.com.br\/portal\/?p=6038"},"modified":"2020-06-25T18:16:14","modified_gmt":"2020-06-25T21:16:14","slug":"carlesse-assina-medida-provisoria-que-amplia-prazo-do-parcelamento-de-debitos-de-contribuintes-com-o-estado","status":"publish","type":"post","link":"https:\/\/dgospel.com.br\/portal\/index.php\/2020\/06\/25\/carlesse-assina-medida-provisoria-que-amplia-prazo-do-parcelamento-de-debitos-de-contribuintes-com-o-estado\/","title":{"rendered":"Carlesse assina Medida Provis\u00f3ria que amplia prazo do parcelamento de d\u00e9bitos de contribuintes com o Estado"},"content":{"rendered":"\n<p>O contribuinte tocantinense que tiver alguma d\u00edvida com a Fazenda Estadual agora ter\u00e1 mais facilidade para quitar seu d\u00e9bito. Isto porque o Di\u00e1rio Oficial do Estado (DOE), edi\u00e7\u00e3o desta quinta-feira, 25, trar\u00e1 a Medida Provis\u00f3ria n\u00b0&nbsp;16, assinada pelo governador do Estado do Tocantins, Mauro Carlesse, que altera a Lei n\u00b0 3.014\/15, reduzindo o percentual m\u00ednimo exigido para aderir ao programa de parcelamento de d\u00e9bitos, de 25% para 10%, e ainda expande a quantidade de parcelas, de 36 para 60 vezes.<\/p>\n\n\n\n<p>\u201cCom essa medida, vamos harmonizar a concess\u00e3o desse benef\u00edcio de reparcelamento ao atual, pois \u00e9 ineg\u00e1vel que&nbsp;o cen\u00e1rio de enfrentamento de crise econ\u00f4mica decorrente da pandemia do Coronav\u00edrus trouxe fortes impactos para as empresas. Agora, elas poder\u00e3o se valer desse meio mais acess\u00edvel para quitar seus d\u00e9bitos tribut\u00e1rios com o Estado, evitando a execu\u00e7\u00e3o fiscal. O que n\u00f3s, enquanto Governo, pudermos fazer para minimizar impactos e promover a retomada da economia, n\u00f3s vamos fazer\u201d, garantiu o Governador Mauro Carlesse.<\/p>\n\n\n\n<p><strong>O que diz a Lei<\/strong><\/p>\n\n\n\n<p>Com a altera\u00e7\u00e3o, o par\u00e1grafo 1\u00ba do Artigo 4\u00ba da Lei&nbsp;n\u00b0 3.014\/15, passa a ter o seguinte texto: \u201cAt\u00e9 31 de dezembro de 2020, o cr\u00e9dito relativo ao saldo remanescente de parcelamento cancelado nos termos do artigo 9\u00ba desta Lei pode ser reparcelado em at\u00e9 60 parcelas, desde que a primeira destas n\u00e3o seja inferior a 10% do valor do cr\u00e9dito remanescente\u201d.<\/p>\n\n\n\n<p>Conforme a Lei, o parcelamento \u00e9 permitido aos contribuintes do Imposto sobre Opera\u00e7\u00f5es Relativas \u00e0 Circula\u00e7\u00e3o de Mercadorias e Sobre Presta\u00e7\u00f5es de Servi\u00e7os de Transporte Interestadual e Intermunicipal e de Comunica\u00e7\u00e3o (ICMS) e Imposto sobre a Propriedade de Ve\u00edculos Automotores (IPVA); \u00e0s pessoas f\u00edsica ou jur\u00eddica quanto aos cr\u00e9ditos de natureza n\u00e3o tribut\u00e1ria, inscritos na D\u00edvida Ativa; \u00e0s taxas judici\u00e1rias (TXJ);&nbsp; e \u00e0s microempresas e empresas de pequeno porte optantes pelo Simples Nacional, referente \u00e0 parte dos cr\u00e9ditos tribut\u00e1rios lan\u00e7ados por meio de Auto de Infra\u00e7\u00e3o, formul\u00e1rio pr\u00f3prio da Secretaria de Estado da Fazenda e Planejamento (Sefaz) e aos cr\u00e9ditos tribut\u00e1rios apurados fora do regime do Simples Nacional.<\/p>\n\n\n\n<p>O cr\u00e9dito \u00e9 a soma do valor origin\u00e1rio; da atualiza\u00e7\u00e3o monet\u00e1ria, calculada at\u00e9 o m\u00eas do parcelamento; dos juros de mora, at\u00e9 a data do parcelamento; e das multas de mora e fiscal, conforme o caso.<\/p>\n","protected":false},"excerpt":{"rendered":"<p>O contribuinte tocantinense que tiver alguma d\u00edvida com a Fazenda Estadual agora ter\u00e1 mais facilidade para quitar seu d\u00e9bito. Isto porque o Di\u00e1rio Oficial do Estado (DOE), edi\u00e7\u00e3o desta quinta-feira, 25, trar\u00e1 a Medida Provis\u00f3ria n\u00b0&nbsp;16, assinada pelo governador do Estado do Tocantins, Mauro Carlesse, que altera a Lei n\u00b0 3.014\/15, reduzindo o percentual m\u00ednimo [&hellip;]<\/p>\n","protected":false},"author":2,"featured_media":6039,"comment_status":"open","ping_status":"open","sticky":false,"template":"","format":"standard","meta":[],"categories":[3],"tags":[],"_links":{"self":[{"href":"https:\/\/dgospel.com.br\/portal\/index.php\/wp-json\/wp\/v2\/posts\/6038"}],"collection":[{"href":"https:\/\/dgospel.com.br\/portal\/index.php\/wp-json\/wp\/v2\/posts"}],"about":[{"href":"https:\/\/dgospel.com.br\/portal\/index.php\/wp-json\/wp\/v2\/types\/post"}],"author":[{"embeddable":true,"href":"https:\/\/dgospel.com.br\/portal\/index.php\/wp-json\/wp\/v2\/users\/2"}],"replies":[{"embeddable":true,"href":"https:\/\/dgospel.com.br\/portal\/index.php\/wp-json\/wp\/v2\/comments?post=6038"}],"version-history":[{"count":1,"href":"https:\/\/dgospel.com.br\/portal\/index.php\/wp-json\/wp\/v2\/posts\/6038\/revisions"}],"predecessor-version":[{"id":6040,"href":"https:\/\/dgospel.com.br\/portal\/index.php\/wp-json\/wp\/v2\/posts\/6038\/revisions\/6040"}],"wp:featuredmedia":[{"embeddable":true,"href":"https:\/\/dgospel.com.br\/portal\/index.php\/wp-json\/wp\/v2\/media\/6039"}],"wp:attachment":[{"href":"https:\/\/dgospel.com.br\/portal\/index.php\/wp-json\/wp\/v2\/media?parent=6038"}],"wp:term":[{"taxonomy":"category","embeddable":true,"href":"https:\/\/dgospel.com.br\/portal\/index.php\/wp-json\/wp\/v2\/categories?post=6038"},{"taxonomy":"post_tag","embeddable":true,"href":"https:\/\/dgospel.com.br\/portal\/index.php\/wp-json\/wp\/v2\/tags?post=6038"}],"curies":[{"name":"wp","href":"https:\/\/api.w.org\/{rel}","templated":true}]}}