{"id":6047,"date":"2020-06-27T11:57:01","date_gmt":"2020-06-27T14:57:01","guid":{"rendered":"http:\/\/dgospel.com.br\/portal\/?p=6047"},"modified":"2020-06-27T11:57:03","modified_gmt":"2020-06-27T14:57:03","slug":"cresce-o-numero-de-brasileiros-com-depressao-e-ansiedade-durante-pandemia-da-covid-19","status":"publish","type":"post","link":"https:\/\/dgospel.com.br\/portal\/index.php\/2020\/06\/27\/cresce-o-numero-de-brasileiros-com-depressao-e-ansiedade-durante-pandemia-da-covid-19\/","title":{"rendered":"Cresce o n\u00famero de brasileiros com depress\u00e3o e ansiedade durante pandemia da Covid-19"},"content":{"rendered":"\n<figure class=\"wp-block-image\"><img src=\"https:\/\/s3-sa-east-1.amazonaws.com\/agencia-radio-arb\/2127\/content_banner-vertical-brasil61-arb.jpg\" alt=\"Acesse nossos conte\u00fados de r\u00e1dio\"\/><\/figure>\n\n\n\n<p>O n\u00famero de brasileiros com quadros de depress\u00e3o e ansiedade cresceu desde o in\u00edcio da pandemia da Covid-19. A mais recente pesquisa do Minist\u00e9rio da Sa\u00fade sobre o quadro psiqui\u00e1trico dos brasileiros neste per\u00edodo revela que 32,6% dos entrevistados se sentiram para baixo ou deprimidos de mar\u00e7o para c\u00e1.<\/p>\n\n\n\n<p>Outro estudo, do Instituto de Psicologia da Universidade do Estado do Rio de Janeiro (UERJ), aponta que o n\u00famero de brasileiros com depress\u00e3o praticamente duplicou nos primeiros dois meses de isolamento social. O percentual de pessoas com a doen\u00e7a passou de 4,2% para 8%. J\u00e1 os casos de ansiedade saltaram de 8,7% para 14,9%. A pesquisa feita com 1.460 pessoas em 23 estados indica um aumento preocupante nos casos de pessoas com transtornos mentais.<\/p>\n\n\n\n<p>Para especialistas, o isolamento social colabora para o aumento no n\u00famero de casos de transtornos mentais. \u00c9 o que explica o psiquiatra Luan Diego Marques. \u201cJ\u00e1 era uma tend\u00eancia desde 2019 o brasileiro ter quadros de altera\u00e7\u00f5es de humor e ansiedade. O isolamento, as mudan\u00e7as abruptas e a quarentena s\u00f3 impulsionaram um maior desgaste e uma elimina\u00e7\u00e3o dos recursos de sa\u00fade mental, que \u00e9 a liberdade, o lazer e a intera\u00e7\u00e3o social.\u201d<\/p>\n\n\n\n<p>Ele tamb\u00e9m atribui \u00e0 crise econ\u00f4mica papel importante nos indicadores. \u201cA vulnerabilidade financeira prejudica o quadro emocional e essa tamb\u00e9m \u00e9 uma das possibilidades da piora do n\u00edvel de ansiedade aqui no Brasil\u201d, complementa.&nbsp;<\/p>\n\n\n\n<h2>Percep\u00e7\u00e3o m\u00e9dica<\/h2>\n\n\n\n<p>A percep\u00e7\u00e3o da maior ocorr\u00eancia de quadros depressivos tamb\u00e9m ocorre entre os m\u00e9dicos. Um estudo da Associa\u00e7\u00e3o Brasileira de Psiquiatria (ABP) entrevistou profissionais da \u00e1rea. Quase 90% dos psiquiatras afirmaram que os quadros psiqui\u00e1tricos de seus pacientes se agravaram com a pandemia da Covid-19.<\/p>\n\n\n\n<p>Apesar do momento cr\u00edtico e do confinamento, Marques afirma que \u00e9 poss\u00edvel minimizar as chances de depress\u00e3o. \u201cA depress\u00e3o pode sim ser evitada\u201d, assegura. Segundo ele, uma das melhores ferramentas para a sa\u00fade mental \u00e9 cultivar relacionamentos.<\/p>\n\n\n\n<p>\u201cTer uma rede de apoio \u00e9 uma das ferramentas para reduzir a chance dessa pessoa desenvolver depress\u00e3o. Existem algumas pesquisas que mostram pessoas que possuem confidentes, que podem desabafar, t\u00eam menor risco de desenvolver depress\u00e3o.\u201d<\/p>\n\n\n\n<h2>Amplia\u00e7\u00e3o do atendimento<\/h2>\n\n\n\n<p>H\u00e1 cidades que tentaram minimizar o impacto da suspens\u00e3o de consultas com psic\u00f3logos e psiquiatras neste per\u00edodo. Em Teresina, por exemplo, a Funda\u00e7\u00e3o Municipal de Sa\u00fade (FMS) se organizou para garantir o atendimento em sa\u00fade mental \u00e0 popula\u00e7\u00e3o durante a pandemia do novo coronav\u00edrus. O \u00f3rg\u00e3o disponibilizou um telefone para quem precisar falar com um psic\u00f3logo gratuitamente.&nbsp;<\/p>\n\n\n\n<p>Al\u00e9m disso, a Rede de Aten\u00e7\u00e3o Psicossocial do munic\u00edpio continua funcionando, de segunda a sexta-feira, das 8h \u00e0s 11h e das 14h \u00e0s 17h. Ao todo, h\u00e1 sete Centros de Aten\u00e7\u00e3o Psicossocial (CAPS) para pessoas com transtornos mentais graves. Teresina conta ainda com um ambulat\u00f3rio, o Provida, que atende pessoas que tentaram suic\u00eddio.&nbsp;<\/p>\n\n\n\n<h2>A\u00e7\u00f5es&nbsp;<\/h2>\n\n\n\n<p>Preocupado com os efeitos das medidas de distanciamento social, sobretudo entre os jovens e adolescentes, o Governo Federal lan\u00e7ou recentemente uma a\u00e7\u00e3o de preven\u00e7\u00e3o ao suic\u00eddio e automutila\u00e7\u00e3o com foco nesses grupos. A medida \u00e9 uma forma de o pa\u00eds se antecipar \u00e0 chamada \u201cquarta onda da pandemia\u201d, que se caracteriza pelo agravamento das doen\u00e7as mentais entre a popula\u00e7\u00e3o.&nbsp;<\/p>\n\n\n\n<p>O objetivo do Minist\u00e9rio da Sa\u00fade \u00e9 qualificar profissionais da sa\u00fade, educadores da rede p\u00fablica e privada de ensino, l\u00edderes de associa\u00e7\u00f5es religiosas, profissionais que atuam em conselhos tutelares, entidades beneficentes e movimentos sociais para que saibam abordar adolescentes entre 11 e 18 anos.&nbsp;<\/p>\n\n\n\n<h2>RAPS<\/h2>\n\n\n\n<p>A Rede de Aten\u00e7\u00e3o Psicossocial (RAPS) \u00e9 formada por diversos pontos de aten\u00e7\u00e3o \u00e0 sa\u00fade mental, que atendem a pessoas com quadros ps\u00edquicos em diferentes n\u00edveis de complexidade. Os Centros de Aten\u00e7\u00e3o Psicossocial (Caps) espalhados por munic\u00edpios de todo o pa\u00eds constituem um dos principais pontos de atendimento para pacientes com sofrimento ou transtorno mental. Existem ainda os servi\u00e7os de urg\u00eancia e emerg\u00eancia, como o SAMU 192, a sala de estabiliza\u00e7\u00e3o, Unidades de Pronto Atendimento (UPA) e prontos-socorros que integram a rede.&nbsp;<\/p>\n\n\n\n<p>Tamb\u00e9m fazem parte os Servi\u00e7os Residenciais Terap\u00eauticos (SRTs), que s\u00e3o moradias destinadas a cuidar de pacientes com transtornos mentais e que n\u00e3o possuem suporte social ou la\u00e7os familiares. Al\u00e9m disso, a rede tem Unidades de Acolhimento (UA), ambulat\u00f3rios multiprofissionais de sa\u00fade mental e comunidades terap\u00eauticas. A ideia \u00e9 que todos esses servi\u00e7os funcionem de forma integrada.&nbsp;<\/p>\n","protected":false},"excerpt":{"rendered":"<p>O n\u00famero de brasileiros com quadros de depress\u00e3o e ansiedade cresceu desde o in\u00edcio da pandemia da Covid-19. A mais recente pesquisa do Minist\u00e9rio da Sa\u00fade sobre o quadro psiqui\u00e1trico dos brasileiros neste per\u00edodo revela que 32,6% dos entrevistados se sentiram para baixo ou deprimidos de mar\u00e7o para c\u00e1. Outro estudo, do Instituto de Psicologia [&hellip;]<\/p>\n","protected":false},"author":2,"featured_media":6048,"comment_status":"open","ping_status":"open","sticky":false,"template":"","format":"standard","meta":[],"categories":[6,4],"tags":[],"_links":{"self":[{"href":"https:\/\/dgospel.com.br\/portal\/index.php\/wp-json\/wp\/v2\/posts\/6047"}],"collection":[{"href":"https:\/\/dgospel.com.br\/portal\/index.php\/wp-json\/wp\/v2\/posts"}],"about":[{"href":"https:\/\/dgospel.com.br\/portal\/index.php\/wp-json\/wp\/v2\/types\/post"}],"author":[{"embeddable":true,"href":"https:\/\/dgospel.com.br\/portal\/index.php\/wp-json\/wp\/v2\/users\/2"}],"replies":[{"embeddable":true,"href":"https:\/\/dgospel.com.br\/portal\/index.php\/wp-json\/wp\/v2\/comments?post=6047"}],"version-history":[{"count":1,"href":"https:\/\/dgospel.com.br\/portal\/index.php\/wp-json\/wp\/v2\/posts\/6047\/revisions"}],"predecessor-version":[{"id":6049,"href":"https:\/\/dgospel.com.br\/portal\/index.php\/wp-json\/wp\/v2\/posts\/6047\/revisions\/6049"}],"wp:featuredmedia":[{"embeddable":true,"href":"https:\/\/dgospel.com.br\/portal\/index.php\/wp-json\/wp\/v2\/media\/6048"}],"wp:attachment":[{"href":"https:\/\/dgospel.com.br\/portal\/index.php\/wp-json\/wp\/v2\/media?parent=6047"}],"wp:term":[{"taxonomy":"category","embeddable":true,"href":"https:\/\/dgospel.com.br\/portal\/index.php\/wp-json\/wp\/v2\/categories?post=6047"},{"taxonomy":"post_tag","embeddable":true,"href":"https:\/\/dgospel.com.br\/portal\/index.php\/wp-json\/wp\/v2\/tags?post=6047"}],"curies":[{"name":"wp","href":"https:\/\/api.w.org\/{rel}","templated":true}]}}