{"id":6053,"date":"2020-06-30T10:38:32","date_gmt":"2020-06-30T13:38:32","guid":{"rendered":"http:\/\/dgospel.com.br\/portal\/?p=6053"},"modified":"2020-06-30T10:38:34","modified_gmt":"2020-06-30T13:38:34","slug":"assembleia-legislativa-e-fechada-apos-novo-caso-de-coronavirus-entre-deputados","status":"publish","type":"post","link":"https:\/\/dgospel.com.br\/portal\/index.php\/2020\/06\/30\/assembleia-legislativa-e-fechada-apos-novo-caso-de-coronavirus-entre-deputados\/","title":{"rendered":"Assembleia Legislativa \u00e9 fechada ap\u00f3s novo caso de coronav\u00edrus entre deputados"},"content":{"rendered":"\n<p>A Assembleia Legislativa do Tocantins foi fechada nesta segunda-feira (29) ap\u00f3s mais um parlamentar ser diagnosticado com o novo coronav\u00edrus. Desta vez o deputado estadual J\u00fanior Geo (PROS) testou positivo para a doen\u00e7a e precisou ficar em isolamento. A Casa de Leis passa por desinfec\u00e7\u00e3o e as atividades s\u00f3 ser\u00e3o retomadas na semana que vem.<\/p>\n\n\n\n<p>Desde o in\u00edcio da pandemia, pelo menos quatro deputados j\u00e1 tiveram a doen\u00e7a. Al\u00e9m de J\u00fanior Geo,\u00a0<a href=\"https:\/\/g1.globo.com\/to\/tocantins\/noticia\/2020\/06\/28\/deputada-estadual-claudia-lelis-e-diagnosticada-com-covid-19.ghtml\">Claudia Lelis (PV)<\/a>,\u00a0<a href=\"https:\/\/g1.globo.com\/to\/tocantins\/noticia\/2020\/06\/23\/deputado-olyntho-neto-testa-positivo-para-coronavirus.ghtml\">Olyntho Neto (PSDB)<\/a>\u00a0e\u00a0<a href=\"https:\/\/g1.globo.com\/to\/tocantins\/noticia\/2020\/05\/24\/deputado-ricardo-ayres-testa-positivo-para-coronavirus-e-fica-em-isolamento.ghtml\">Ricardo Ayres (PSB)<\/a>\u00a0testaram positivo. A interdi\u00e7\u00e3o da AL \u00e9 para evitar novos cont\u00e1gios.<\/p>\n\n\n\n<p> A assessoria de J\u00fanior Geo informou que o parlamentar recebeu diagn\u00f3stico positivo na noite deste domingo (28) ap\u00f3s a realiza\u00e7\u00e3o do terceiro teste. Ele havia feito outros exames por conta da exist\u00eancia de casos na AL. <\/p>\n\n\n\n<p> O deputado afirma n\u00e3o apresentou nenhum sintoma da doen\u00e7a e permanece isolamento domiciliar. <\/p>\n\n\n\n<p>Fonte:  <strong>G1 Tocantins<\/strong> <\/p>\n","protected":false},"excerpt":{"rendered":"<p>A Assembleia Legislativa do Tocantins foi fechada nesta segunda-feira (29) ap\u00f3s mais um parlamentar ser diagnosticado com o novo coronav\u00edrus. Desta vez o deputado estadual J\u00fanior Geo (PROS) testou positivo para a doen\u00e7a e precisou ficar em isolamento. A Casa de Leis passa por desinfec\u00e7\u00e3o e as atividades s\u00f3 ser\u00e3o retomadas na semana que vem. [&hellip;]<\/p>\n","protected":false},"author":2,"featured_media":6054,"comment_status":"open","ping_status":"open","sticky":false,"template":"","format":"standard","meta":[],"categories":[8,4],"tags":[],"_links":{"self":[{"href":"https:\/\/dgospel.com.br\/portal\/index.php\/wp-json\/wp\/v2\/posts\/6053"}],"collection":[{"href":"https:\/\/dgospel.com.br\/portal\/index.php\/wp-json\/wp\/v2\/posts"}],"about":[{"href":"https:\/\/dgospel.com.br\/portal\/index.php\/wp-json\/wp\/v2\/types\/post"}],"author":[{"embeddable":true,"href":"https:\/\/dgospel.com.br\/portal\/index.php\/wp-json\/wp\/v2\/users\/2"}],"replies":[{"embeddable":true,"href":"https:\/\/dgospel.com.br\/portal\/index.php\/wp-json\/wp\/v2\/comments?post=6053"}],"version-history":[{"count":1,"href":"https:\/\/dgospel.com.br\/portal\/index.php\/wp-json\/wp\/v2\/posts\/6053\/revisions"}],"predecessor-version":[{"id":6055,"href":"https:\/\/dgospel.com.br\/portal\/index.php\/wp-json\/wp\/v2\/posts\/6053\/revisions\/6055"}],"wp:featuredmedia":[{"embeddable":true,"href":"https:\/\/dgospel.com.br\/portal\/index.php\/wp-json\/wp\/v2\/media\/6054"}],"wp:attachment":[{"href":"https:\/\/dgospel.com.br\/portal\/index.php\/wp-json\/wp\/v2\/media?parent=6053"}],"wp:term":[{"taxonomy":"category","embeddable":true,"href":"https:\/\/dgospel.com.br\/portal\/index.php\/wp-json\/wp\/v2\/categories?post=6053"},{"taxonomy":"post_tag","embeddable":true,"href":"https:\/\/dgospel.com.br\/portal\/index.php\/wp-json\/wp\/v2\/tags?post=6053"}],"curies":[{"name":"wp","href":"https:\/\/api.w.org\/{rel}","templated":true}]}}