{"id":6056,"date":"2020-06-30T10:44:46","date_gmt":"2020-06-30T13:44:46","guid":{"rendered":"http:\/\/dgospel.com.br\/portal\/?p=6056"},"modified":"2020-06-30T10:44:47","modified_gmt":"2020-06-30T13:44:47","slug":"governo-do-tocantins-prorroga-suspensao-de-aulas-e-jornada-reduzida-para-servidores-por-mais-um-mes","status":"publish","type":"post","link":"https:\/\/dgospel.com.br\/portal\/index.php\/2020\/06\/30\/governo-do-tocantins-prorroga-suspensao-de-aulas-e-jornada-reduzida-para-servidores-por-mais-um-mes\/","title":{"rendered":"Governo do Tocantins prorroga suspens\u00e3o de aulas e jornada reduzida para servidores por mais um m\u00eas"},"content":{"rendered":"\n<p>O Governo do Tocantins informou que vai prorrogar at\u00e9 o dia 31\nde julho a suspens\u00e3o das aulas presenciais em qualquer estabelecimento de\nensino do Tocantins e tamb\u00e9m a redu\u00e7\u00e3o da jornada de trabalho dos servidores\np\u00fablicos estaduais. As medidas ser\u00e3o publicadas no Di\u00e1rio Oficial do Estado\ndesta segunda-feira (29). Tamb\u00e9m segue em vigor a ordem para trabalho remoto\ndos servidores dos grupos de risco.<\/p>\n\n\n\n<p><strong>As tr\u00eas medidas foram determinadas pelo governador Mauro Carlesse\n(DEM) em mar\u00e7o.<\/strong>&nbsp;J\u00e1 decis\u00f5es a respeito do funcionamento do com\u00e9rcio e\noutros estabelecimento t\u00eam sido deixadas a cargo dos prefeitos de cada cidade.<\/p>\n\n\n\n<p>&#8220;Reduzir a\njornada, propor o trabalho em home office para aqueles que est\u00e3o no grupo de\nrisco e o regime de escala para os demais, tem sido uma sa\u00edda para dar\ncontinuidade \u00e0s atividades sem prejudicar o cidad\u00e3o que depende dos nossos\nservi\u00e7os&#8221;, disse Carlesse..<\/p>\n\n\n\n<p>Nesta segunda-feira os\nestudantes do terceiro ano da rede p\u00fablica come\u00e7aram a realizar atividades\nremotas. O retorno \u00e0s salas de aula, de forma escalonada,<strong>&nbsp;est\u00e1 previsto para come\u00e7ar em agosto com as turmas que devem\nterminar o ensino m\u00e9dio ainda este ano<\/strong>.<\/p>\n\n\n\n<p>A suspens\u00e3o das aulas\npresenciais se aplica inclusive a universidades e escolas particulares, assim\ncomo a rede municipal.<\/p>\n\n\n\n<figure><iframe width=\"970\" height=\"250\"><\/iframe><\/figure>\n\n\n\n<p>\n\n\n\nA jornada prevista para os servidores \u00e9 de 8h \u00e0s 14h, mas os dirigentes de cada\n\u00f3rg\u00e3o do governo estadual podem optar por fazer altera\u00e7\u00f5es para evitar\naglomera\u00e7\u00f5es, desde que seja respeitada a jornada de seis horas.<\/p>\n\n\n\n<p>A decis\u00e3o do\nGovernador n\u00e3o se aplica \u00e0s unidades do \u00c9 Pra J\u00e1, que cumprem a jornada de\ntrabalho em turnos, de segunda a sexta-feira, das 7 \u00e0s 13 horas e das 13 \u00e0s 19\nhoras, e ainda aos s\u00e1bados, das 8 \u00e0s 12 horas.<\/p>\n\n\n\n<p>O texto publicado\nnesta segunda-feira, altera ainda os incisos I e II do artigo da 9 do Decreto\n6.072, de 21 de mar\u00e7o de 2020, que declara estado de calamidade p\u00fablica em todo\no territ\u00f3rio do Estado do Tocantins.<\/p>\n\n\n\n<h2>Nova regra<\/h2>\n\n\n\n<p>Para\nservidores ou agentes p\u00fablicos que tenham voltado de pa\u00edses e unidades\nfederativas em que h\u00e1 transmiss\u00e3o da Covid-19, conforme boletim epidemiol\u00f3gico\ndo Minist\u00e9rio da Sa\u00fade, bem como aqueles que tenham contato com caso suspeito\nou confirmado, houve mudan\u00e7a na regra para retomada do trabalho.<\/p>\n\n\n\n<ul><li>Se\u00a0<strong>assintom\u00e1ticos<\/strong>, respeitadas as atribui\u00e7\u00f5es do cargo ou fun\u00e7\u00e3o, devem receber determina\u00e7\u00e3o de cumprimento do regime de trabalho remoto, pelo prazo de 8 dias, a contar do retorno ao Estado ou contato ou conv\u00edvio com pessoa contaminada ou suspeita;<\/li><li>Aqueles com\u00a0<strong>sintomas de contamina\u00e7\u00e3o<\/strong>, revelados at\u00e9 o 7\u00ba dia a contar do retorno ao Estado ou contato ou conv\u00edvio com pessoa contaminada ou suspeita, devem buscar atendimento junto \u00e0s unidades de sa\u00fade, com o prop\u00f3sito de avalia\u00e7\u00e3o m\u00e9dica e ado\u00e7\u00e3o dos respectivos protocolos de sa\u00fade indicados para o caso, de tudo informando ao setor de recursos humanos do \u00f3rg\u00e3o ou entidade de lota\u00e7\u00e3o, mediante apresenta\u00e7\u00e3o de documentos via SGD.<\/li><\/ul>\n\n\n\n<p>Fonte:  <strong>G1 Tocantins<\/strong> <\/p>\n","protected":false},"excerpt":{"rendered":"<p>O Governo do Tocantins informou que vai prorrogar at\u00e9 o dia 31 de julho a suspens\u00e3o das aulas presenciais em qualquer estabelecimento de ensino do Tocantins e tamb\u00e9m a redu\u00e7\u00e3o da jornada de trabalho dos servidores p\u00fablicos estaduais. As medidas ser\u00e3o publicadas no Di\u00e1rio Oficial do Estado desta segunda-feira (29). Tamb\u00e9m segue em vigor a [&hellip;]<\/p>\n","protected":false},"author":2,"featured_media":6057,"comment_status":"open","ping_status":"open","sticky":false,"template":"","format":"standard","meta":[],"categories":[3],"tags":[],"_links":{"self":[{"href":"https:\/\/dgospel.com.br\/portal\/index.php\/wp-json\/wp\/v2\/posts\/6056"}],"collection":[{"href":"https:\/\/dgospel.com.br\/portal\/index.php\/wp-json\/wp\/v2\/posts"}],"about":[{"href":"https:\/\/dgospel.com.br\/portal\/index.php\/wp-json\/wp\/v2\/types\/post"}],"author":[{"embeddable":true,"href":"https:\/\/dgospel.com.br\/portal\/index.php\/wp-json\/wp\/v2\/users\/2"}],"replies":[{"embeddable":true,"href":"https:\/\/dgospel.com.br\/portal\/index.php\/wp-json\/wp\/v2\/comments?post=6056"}],"version-history":[{"count":1,"href":"https:\/\/dgospel.com.br\/portal\/index.php\/wp-json\/wp\/v2\/posts\/6056\/revisions"}],"predecessor-version":[{"id":6058,"href":"https:\/\/dgospel.com.br\/portal\/index.php\/wp-json\/wp\/v2\/posts\/6056\/revisions\/6058"}],"wp:featuredmedia":[{"embeddable":true,"href":"https:\/\/dgospel.com.br\/portal\/index.php\/wp-json\/wp\/v2\/media\/6057"}],"wp:attachment":[{"href":"https:\/\/dgospel.com.br\/portal\/index.php\/wp-json\/wp\/v2\/media?parent=6056"}],"wp:term":[{"taxonomy":"category","embeddable":true,"href":"https:\/\/dgospel.com.br\/portal\/index.php\/wp-json\/wp\/v2\/categories?post=6056"},{"taxonomy":"post_tag","embeddable":true,"href":"https:\/\/dgospel.com.br\/portal\/index.php\/wp-json\/wp\/v2\/tags?post=6056"}],"curies":[{"name":"wp","href":"https:\/\/api.w.org\/{rel}","templated":true}]}}