{"id":6063,"date":"2020-07-01T16:35:14","date_gmt":"2020-07-01T19:35:14","guid":{"rendered":"http:\/\/dgospel.com.br\/portal\/?p=6063"},"modified":"2020-07-01T16:35:16","modified_gmt":"2020-07-01T19:35:16","slug":"ciclone-bomba-deixa-igrejas-destruidas-em-santa-catarina","status":"publish","type":"post","link":"https:\/\/dgospel.com.br\/portal\/index.php\/2020\/07\/01\/ciclone-bomba-deixa-igrejas-destruidas-em-santa-catarina\/","title":{"rendered":"Ciclone bomba deixa igrejas destru\u00eddas em Santa Catarina"},"content":{"rendered":"\n<p>A Comunidade Luterana do Centro de Blumenau foi uma das constru\u00e7\u00f5es atingidas pelos ventos de mais de 120 quil\u00f4metros por hora, produzidos pelo ciclone bomba que chegou ao estado de&nbsp;<strong><a href=\"https:\/\/guiame.com.br\/gospel\/noticias\/familia-tem-culto-domestico-interrompido-pela-policia-em-santa-catarina.html\">Santa Catarina<\/a><\/strong>&nbsp;na tarde desta ter\u00e7a-feira (30).<\/p>\n\n\n\n<p>A igreja estima um preju\u00edzo de at\u00e9 R$ 200 mil por conta dos estragos causados pelo\u00a0<strong><a href=\"https:\/\/guiame.com.br\/gospel\/missoes-acao-social\/pastor-e-impactado-com-alegria-dos-africanos-apos-destruicao-causada-pelo-ciclone-idai.html\">ciclone<\/a><\/strong>\u00a0no entorno da Igreja do Esp\u00edrito Santo, im\u00f3vel hist\u00f3rico da cidade. L\u00edderes religiosos do munic\u00edpio j\u00e1 come\u00e7aram uma mobiliza\u00e7\u00e3o para arrecadar doa\u00e7\u00f5es.<\/p>\n\n\n\n<p>A estrutura da igreja em si n\u00e3o foi afetada e as \u00e1rvores que ficam em volta do templo se mantiveram de p\u00e9. Na regi\u00e3o do cemit\u00e9rio e em outros im\u00f3veis que pertencem \u00e0 Comunidade, por\u00e9m, os estragos foram grandes. \u00c1rvores inteiras foram arrancadas pelas ra\u00edzes e comprometeram alguns t\u00famulos. Houve tamb\u00e9m destelhamentos nos locais que abrigam a administra\u00e7\u00e3o e a zeladoria da estrutura.<\/p>\n\n\n\n<p>Fotos mostram o cen\u00e1rio de destrui\u00e7\u00e3o no local. A placa instalada nos 500 anos da Reforma Luterana e que indica o acesso \u00e0 igreja foi ao ch\u00e3o e uma \u00e1rvore bloqueou a entrada principal pr\u00f3ximo ao Angeloni da Fonte. Houve, ainda, preju\u00edzos na rede el\u00e9trica da Comunidade, segundo o pastor Milton Jandrey.<\/p>\n\n\n\n<p>Outras igrejas tiveram seus pr\u00e9dios destru\u00eddos, com destelhamentos e quedas de \u00e1rvores sobre as constru\u00e7\u00f5es.<\/p>\n\n\n\n<p>O monumento pertence \u00e0 Igreja Evang\u00e9lica de Confiss\u00e3o Luterana do Brasil, fica pr\u00f3ximo ao Terminal da Fonte, e foi tombado como patrim\u00f4nio hist\u00f3rico em 2002. Inaugurada em 1877, a estrutura mant\u00e9m as caracter\u00edsticas do passado, mas precisa de um restauro para continuar aberta \u00e0 comunidade.<\/p>\n\n\n\n<p>Em setembro do ano passado come\u00e7ou uma mobiliza\u00e7\u00e3o pela capta\u00e7\u00e3o de recursos que envolve lideran\u00e7as empresariais e pol\u00edticas do Vale do Itaja\u00ed. O projeto do restauro foi aprovado pelo governo federal via Lei Rouanet, e ser\u00e1 poss\u00edvel captar at\u00e9 R$ 5,2 milh\u00f5es com incentivos fiscais para pessoas f\u00edsicas e jur\u00eddicas.<\/p>\n\n\n\n<p>FONTE: GUIAME, COM INFORMA\u00c7\u00d5ES DO NSC TOTAL <\/p>\n","protected":false},"excerpt":{"rendered":"<p>A Comunidade Luterana do Centro de Blumenau foi uma das constru\u00e7\u00f5es atingidas pelos ventos de mais de 120 quil\u00f4metros por hora, produzidos pelo ciclone bomba que chegou ao estado de&nbsp;Santa Catarina&nbsp;na tarde desta ter\u00e7a-feira (30). A igreja estima um preju\u00edzo de at\u00e9 R$ 200 mil por conta dos estragos causados pelo\u00a0ciclone\u00a0no entorno da Igreja do [&hellip;]<\/p>\n","protected":false},"author":2,"featured_media":6064,"comment_status":"open","ping_status":"open","sticky":false,"template":"","format":"standard","meta":[],"categories":[5,6],"tags":[],"_links":{"self":[{"href":"https:\/\/dgospel.com.br\/portal\/index.php\/wp-json\/wp\/v2\/posts\/6063"}],"collection":[{"href":"https:\/\/dgospel.com.br\/portal\/index.php\/wp-json\/wp\/v2\/posts"}],"about":[{"href":"https:\/\/dgospel.com.br\/portal\/index.php\/wp-json\/wp\/v2\/types\/post"}],"author":[{"embeddable":true,"href":"https:\/\/dgospel.com.br\/portal\/index.php\/wp-json\/wp\/v2\/users\/2"}],"replies":[{"embeddable":true,"href":"https:\/\/dgospel.com.br\/portal\/index.php\/wp-json\/wp\/v2\/comments?post=6063"}],"version-history":[{"count":1,"href":"https:\/\/dgospel.com.br\/portal\/index.php\/wp-json\/wp\/v2\/posts\/6063\/revisions"}],"predecessor-version":[{"id":6065,"href":"https:\/\/dgospel.com.br\/portal\/index.php\/wp-json\/wp\/v2\/posts\/6063\/revisions\/6065"}],"wp:featuredmedia":[{"embeddable":true,"href":"https:\/\/dgospel.com.br\/portal\/index.php\/wp-json\/wp\/v2\/media\/6064"}],"wp:attachment":[{"href":"https:\/\/dgospel.com.br\/portal\/index.php\/wp-json\/wp\/v2\/media?parent=6063"}],"wp:term":[{"taxonomy":"category","embeddable":true,"href":"https:\/\/dgospel.com.br\/portal\/index.php\/wp-json\/wp\/v2\/categories?post=6063"},{"taxonomy":"post_tag","embeddable":true,"href":"https:\/\/dgospel.com.br\/portal\/index.php\/wp-json\/wp\/v2\/tags?post=6063"}],"curies":[{"name":"wp","href":"https:\/\/api.w.org\/{rel}","templated":true}]}}