{"id":6072,"date":"2020-07-01T17:01:46","date_gmt":"2020-07-01T20:01:46","guid":{"rendered":"http:\/\/dgospel.com.br\/portal\/?p=6072"},"modified":"2020-07-01T17:01:47","modified_gmt":"2020-07-01T20:01:47","slug":"governo-do-tocantins-promove-orientacao-tecnica-on-line-aos-coordenadores-dos-cras-no-estado","status":"publish","type":"post","link":"https:\/\/dgospel.com.br\/portal\/index.php\/2020\/07\/01\/governo-do-tocantins-promove-orientacao-tecnica-on-line-aos-coordenadores-dos-cras-no-estado\/","title":{"rendered":"Governo do Tocantins promove orienta\u00e7\u00e3o t\u00e9cnica on-line aos coordenadores dos Cras no Estado"},"content":{"rendered":"\n<p>O Governo do Tocantins, por meio da Secretaria de Estado do Trabalho e Desenvolvimento Social (Setas), promove a partir da segunda-feira, 6, reuni\u00e3o de orienta\u00e7\u00e3o t\u00e9cnica regionalizada sobre a operacionaliza\u00e7\u00e3o dos servi\u00e7os socioassistenciais.<\/p>\n\n\n\n<p>A reuni\u00e3o&nbsp;voltada a todos os coordenadores dos Centros de Refer\u00eancias de Assist\u00eancia Social (Cras) no Estado&nbsp;ocorrer\u00e1 por meio da plataforma Google meet.<\/p>\n\n\n\n<p>O gerente de Prote\u00e7\u00e3o Social B\u00e1sica, Bolsa Fam\u00edlia e Benef\u00edcios da Setas, Mateus Mac\u00eado, destaca que \u201ca orienta\u00e7\u00e3o visa alinhar as a\u00e7\u00f5es e sanar d\u00favidas nesse momento de pandemia, e todos os coordenadores dos Cras dever\u00e3o participar\u201d.<\/p>\n\n\n\n<p>Ser\u00e3o organizadas turmas com 50 participantes; e caso algum coordenador n\u00e3o possa participar na turma determinada, dever\u00e1 solicitar mudan\u00e7a de turma para outro dia e hor\u00e1rio.<\/p>\n\n\n\n<p><strong>Prote\u00e7\u00e3o Social B\u00e1sica<\/strong><\/p>\n\n\n\n<p>A Prote\u00e7\u00e3o Social B\u00e1sica atua na preven\u00e7\u00e3o dos riscos por meio do desenvolvimento de potencialidades e o fortalecimento de v\u00ednculos familiares e comunit\u00e1rios; e tem como porta de entrada o Centro de Refer\u00eancia de Assist\u00eancia Social (Cras)&nbsp;dos munic\u00edpios.<\/p>\n","protected":false},"excerpt":{"rendered":"<p>O Governo do Tocantins, por meio da Secretaria de Estado do Trabalho e Desenvolvimento Social (Setas), promove a partir da segunda-feira, 6, reuni\u00e3o de orienta\u00e7\u00e3o t\u00e9cnica regionalizada sobre a operacionaliza\u00e7\u00e3o dos servi\u00e7os socioassistenciais. A reuni\u00e3o&nbsp;voltada a todos os coordenadores dos Centros de Refer\u00eancias de Assist\u00eancia Social (Cras) no Estado&nbsp;ocorrer\u00e1 por meio da plataforma Google meet. [&hellip;]<\/p>\n","protected":false},"author":2,"featured_media":6073,"comment_status":"open","ping_status":"open","sticky":false,"template":"","format":"standard","meta":[],"categories":[3],"tags":[],"_links":{"self":[{"href":"https:\/\/dgospel.com.br\/portal\/index.php\/wp-json\/wp\/v2\/posts\/6072"}],"collection":[{"href":"https:\/\/dgospel.com.br\/portal\/index.php\/wp-json\/wp\/v2\/posts"}],"about":[{"href":"https:\/\/dgospel.com.br\/portal\/index.php\/wp-json\/wp\/v2\/types\/post"}],"author":[{"embeddable":true,"href":"https:\/\/dgospel.com.br\/portal\/index.php\/wp-json\/wp\/v2\/users\/2"}],"replies":[{"embeddable":true,"href":"https:\/\/dgospel.com.br\/portal\/index.php\/wp-json\/wp\/v2\/comments?post=6072"}],"version-history":[{"count":1,"href":"https:\/\/dgospel.com.br\/portal\/index.php\/wp-json\/wp\/v2\/posts\/6072\/revisions"}],"predecessor-version":[{"id":6074,"href":"https:\/\/dgospel.com.br\/portal\/index.php\/wp-json\/wp\/v2\/posts\/6072\/revisions\/6074"}],"wp:featuredmedia":[{"embeddable":true,"href":"https:\/\/dgospel.com.br\/portal\/index.php\/wp-json\/wp\/v2\/media\/6073"}],"wp:attachment":[{"href":"https:\/\/dgospel.com.br\/portal\/index.php\/wp-json\/wp\/v2\/media?parent=6072"}],"wp:term":[{"taxonomy":"category","embeddable":true,"href":"https:\/\/dgospel.com.br\/portal\/index.php\/wp-json\/wp\/v2\/categories?post=6072"},{"taxonomy":"post_tag","embeddable":true,"href":"https:\/\/dgospel.com.br\/portal\/index.php\/wp-json\/wp\/v2\/tags?post=6072"}],"curies":[{"name":"wp","href":"https:\/\/api.w.org\/{rel}","templated":true}]}}