{"id":6078,"date":"2020-07-01T17:09:10","date_gmt":"2020-07-01T20:09:10","guid":{"rendered":"http:\/\/dgospel.com.br\/portal\/?p=6078"},"modified":"2020-07-01T17:09:12","modified_gmt":"2020-07-01T20:09:12","slug":"carlesse-determina-agilidade-na-contratacao-de-leitos-privados-para-atender-a-populacao","status":"publish","type":"post","link":"https:\/\/dgospel.com.br\/portal\/index.php\/2020\/07\/01\/carlesse-determina-agilidade-na-contratacao-de-leitos-privados-para-atender-a-populacao\/","title":{"rendered":"Carlesse determina agilidade na contrata\u00e7\u00e3o de leitos privados para atender a popula\u00e7\u00e3o"},"content":{"rendered":"\n<p>O governador do Estado do Tocantins, Mauro Carlesse, coordenou na manh\u00e3 desta quarta-feira, 1\u00ba de julho, mais uma reuni\u00e3o por videoconfer\u00eancia do Comit\u00ea de Crise para Preven\u00e7\u00e3o da Covid-19, doen\u00e7a causada pelo novo Coronav\u00edrus. O Comit\u00ea re\u00fane os principais \u00f3rg\u00e3os, Poderes e institui\u00e7\u00f5es parceiras no enfrentamento \u00e0 pandemia no Estado.<\/p>\n\n\n\n<p>Durante a reuni\u00e3o, foram apresentados relat\u00f3rios sobre a situa\u00e7\u00e3o da doen\u00e7a, nos quais o governador Mauro Carlesse cobrou mais agilidade nas a\u00e7\u00f5es de preven\u00e7\u00e3o e controle do novo coronav\u00edrus.<\/p>\n\n\n\n<p>\u201cO Tocantins est\u00e1 conseguindo contornar a pandemia com bons resultados, ofertando atendimento m\u00e9dico de qualidade mesmo durante este momento dif\u00edcil que o pa\u00eds enfrenta. Nosso dever est\u00e1 sendo cumprido, mas, ainda assim, quero agilidade de nossos gestores. A minha determina\u00e7\u00e3o \u00e9 que se precisar de mais m\u00e9dicos, mais EPIs [Equipamentos de Prote\u00e7\u00e3o Individual] e mais leitos, eles devem ser adquiridos com urg\u00eancia. O Governo n\u00e3o vai parar enquanto a situa\u00e7\u00e3o n\u00e3o se normalizar, nosso trabalho segue ininterruptamente pelo bem-estar da nossa popula\u00e7\u00e3o\u201d, determinou o Governador.<\/p>\n\n\n\n<p>O encontro virtual contou com a presen\u00e7a de representantes das secretarias de Estado da Sa\u00fade (SES), Edgar Tollini; da Fazenda e Planejamento (Sefaz), Sandro Henrique Armando; da Cidadania e Justi\u00e7a (Seciju), Heber Fidelis; da Educa\u00e7\u00e3o, Juventude e Esportes (Seduc), Adriana Aguiar; da Comunica\u00e7\u00e3o (Secom), \u00c9lcio Mendes; da Seguran\u00e7a P\u00fablica, Cristiano Sampaio; do Corpo de Bombeiros Militar (CBM\/TO), coronel Leandro Silva; da Pol\u00edcia Militar (PM\/TO), coronel Jaizon Veras Barbosa; da Casa Civil, Rolf Vidal; da Assembleia Legislativa (AL\/TO), diretor-geral Manoel Diamantino de Souza Junior; do Tribunal de Justi\u00e7a (TJ\/TO), desembargador Helv\u00e9cio de Brito Maia Neto; do Minist\u00e9rio P\u00fablico Estadual (MPTO), procuradora-geral de Justi\u00e7a Maria Cotinha Bezerra Pereira; da Defensoria P\u00fablica Estadual (DPE), defensor p\u00fablico-geral F\u00e1bio Monteiro; do Tribunal de Contas do Estado (TCE\/TO), conselheiro Severiano Costandrade; da Pol\u00edcia Rodovi\u00e1ria Federal (PRF), Paulo C\u00e9lio; da Infraero Tocantins, superintendente Juliano de Castro; da Marinha, comandante Marcos Cezar Pires Gomes; e do Ex\u00e9rcito Brasileiro, coronel Carlos Gabriel Brusch Nascimento.<\/p>\n\n\n\n<p><strong>Taxa de Ocupa\u00e7\u00e3o<\/strong><\/p>\n\n\n\n<p>O titular da Secretaria de Estado de Sa\u00fade (SES), doutor Edgar Tollini, apresentou, durante a reuni\u00e3o, os relat\u00f3rios da taxa de ocupa\u00e7\u00e3o dos leitos p\u00fablicos e privados no Tocantins, que continuam est\u00e1veis desde o in\u00edcio da pandemia, em mar\u00e7o.<\/p>\n\n\n\n<p>\u201cNossa taxa de ocupa\u00e7\u00e3o, tanto das UTIs [Unidades de Terapia Intensiva] quanto de leitos cl\u00ednicos segue est\u00e1vel, com 60% na rede p\u00fablica e 35% na rede privada. Durante mais de 100 dias de combate ao novo Coronav\u00edrus, os n\u00fameros se mantiveram dentro de uma margem regular, demonstrando a efic\u00e1cia de nossas a\u00e7\u00f5es que foram tomadas ainda no in\u00edcio da pandemia no Brasil\u201d.<\/p>\n\n\n\n<p>Edgar Tollini informou tamb\u00e9m que o Governo do Tocantins segue com os trabalhos para ampliar a oferta de leitos hospitalares. Nesta quarta-feira, 1\u00b0de julho, foi liberada a contrata\u00e7\u00e3o de mais 60 leitos por meio do Centro Oncol\u00f3gico de Palmas, institui\u00e7\u00e3o privada, que agora est\u00e1 \u00e0 disposi\u00e7\u00e3o da rede p\u00fablica de sa\u00fade.<\/p>\n\n\n\n<p>Ainda durante esta semana, o Governo do Tocantins ampliou tamb\u00e9m a quantidade de leitos dentro do Hospital Geral de Palmas (HGP), que \u00e9 refer\u00eancia para o tratamento dos casos graves da Covid-19 no Estado.<\/p>\n\n\n\n<p>De acordo com o secret\u00e1rio Edgar Tollini, \u201cagora, temos o total de 20 leitos de UTI e mais 30 leitos cl\u00ednicos no HGP, todos 100% equipados para atender os pacientes que precisam de cuidados especiais\u201d.<\/p>\n\n\n\n<p><strong>Transpar\u00eancia<\/strong><\/p>\n\n\n\n<p>Nessa segunda-feira, 29, o Governo do Tocantins conquistou o segundo lugar no ranking de transpar\u00eancia durante as a\u00e7\u00f5es de combate \u00e0 Covid-19, em avalia\u00e7\u00e3o promovida pela ONG Transpar\u00eancia Internacional \u2013 Brasil (TI).<\/p>\n\n\n\n<p>Com isso, o Estado alcan\u00e7ou 79,7 pontos nas contrata\u00e7\u00f5es emergenciais feitas na pandemia, conquistando a classifica\u00e7\u00e3o \u201cbom\u201d, o segundo melhor conceito dentro do ranking nacional.<\/p>\n\n\n\n<p>Para o governador Mauro Carlesse, esse \u00e9 o compromisso da gest\u00e3o com a popula\u00e7\u00e3o diante desse momento de dificuldades. \u201cSabemos que todos est\u00e3o sentindo os efeitos da pandemia, mas o cidad\u00e3o tocantinense pode confiar no nosso trabalho. Somos refer\u00eancia no quesito transpar\u00eancia e no tratamento da popula\u00e7\u00e3o, j\u00e1 s\u00e3o quase 7 mil pessoas recuperadas do novo Coronav\u00edrus e que est\u00e3o prontas para voltarem a sua vida normal\u201d, afirmou.<\/p>\n\n\n\n<p><strong>Ind\u00edgenas<\/strong><\/p>\n\n\n\n<p>Preocupado com a situa\u00e7\u00e3o das comunidades ind\u00edgenas do Tocantins, o governador Carlesse determinou, durante a reuni\u00e3o do Comit\u00ea de Crise, aten\u00e7\u00e3o especial para os povos tradicionais. Dentro dos pr\u00f3ximos dias, a SES vai enviar mais de 1.000 testes e equipamentos de prote\u00e7\u00e3o individual para as aldeias do Estado.<\/p>\n\n\n\n<p>Al\u00e9m disso, a Seciju tamb\u00e9m vai realizar uma for\u00e7a-tarefa para testagem da comunidade carcer\u00e1ria, com o envio de mais de 1.500 testes para serem feitos no sistema prisional do Tocantins.<\/p>\n\n\n\n<p>De acordo com o governador Mauro Carlesse, esse \u00e9 o papel do Comit\u00ea de Crise, respons\u00e1vel por formar a\u00e7\u00f5es espec\u00edficas e r\u00e1pidas para atender os setores mais sens\u00edveis no Estado. \u201cNosso Comit\u00ea foi elaborado justamente com o prop\u00f3sito de formar a\u00e7\u00f5es especializadas e pontuais para cada realidade do Estado. A resposta durante uma pandemia tem que ser \u00e1gil, e \u00e9 assim que estamos conseguindo controlar a situa\u00e7\u00e3o\u201d, concluiu.<\/p>\n","protected":false},"excerpt":{"rendered":"<p>O governador do Estado do Tocantins, Mauro Carlesse, coordenou na manh\u00e3 desta quarta-feira, 1\u00ba de julho, mais uma reuni\u00e3o por videoconfer\u00eancia do Comit\u00ea de Crise para Preven\u00e7\u00e3o da Covid-19, doen\u00e7a causada pelo novo Coronav\u00edrus. O Comit\u00ea re\u00fane os principais \u00f3rg\u00e3os, Poderes e institui\u00e7\u00f5es parceiras no enfrentamento \u00e0 pandemia no Estado. Durante a reuni\u00e3o, foram apresentados [&hellip;]<\/p>\n","protected":false},"author":2,"featured_media":6079,"comment_status":"open","ping_status":"open","sticky":false,"template":"","format":"standard","meta":[],"categories":[4],"tags":[],"_links":{"self":[{"href":"https:\/\/dgospel.com.br\/portal\/index.php\/wp-json\/wp\/v2\/posts\/6078"}],"collection":[{"href":"https:\/\/dgospel.com.br\/portal\/index.php\/wp-json\/wp\/v2\/posts"}],"about":[{"href":"https:\/\/dgospel.com.br\/portal\/index.php\/wp-json\/wp\/v2\/types\/post"}],"author":[{"embeddable":true,"href":"https:\/\/dgospel.com.br\/portal\/index.php\/wp-json\/wp\/v2\/users\/2"}],"replies":[{"embeddable":true,"href":"https:\/\/dgospel.com.br\/portal\/index.php\/wp-json\/wp\/v2\/comments?post=6078"}],"version-history":[{"count":1,"href":"https:\/\/dgospel.com.br\/portal\/index.php\/wp-json\/wp\/v2\/posts\/6078\/revisions"}],"predecessor-version":[{"id":6080,"href":"https:\/\/dgospel.com.br\/portal\/index.php\/wp-json\/wp\/v2\/posts\/6078\/revisions\/6080"}],"wp:featuredmedia":[{"embeddable":true,"href":"https:\/\/dgospel.com.br\/portal\/index.php\/wp-json\/wp\/v2\/media\/6079"}],"wp:attachment":[{"href":"https:\/\/dgospel.com.br\/portal\/index.php\/wp-json\/wp\/v2\/media?parent=6078"}],"wp:term":[{"taxonomy":"category","embeddable":true,"href":"https:\/\/dgospel.com.br\/portal\/index.php\/wp-json\/wp\/v2\/categories?post=6078"},{"taxonomy":"post_tag","embeddable":true,"href":"https:\/\/dgospel.com.br\/portal\/index.php\/wp-json\/wp\/v2\/tags?post=6078"}],"curies":[{"name":"wp","href":"https:\/\/api.w.org\/{rel}","templated":true}]}}