{"id":6081,"date":"2020-07-01T17:13:03","date_gmt":"2020-07-01T20:13:03","guid":{"rendered":"http:\/\/dgospel.com.br\/portal\/?p=6081"},"modified":"2020-07-01T17:13:05","modified_gmt":"2020-07-01T20:13:05","slug":"governo-federal-prorroga-auxilio-emergencial-por-mais-dois-meses","status":"publish","type":"post","link":"https:\/\/dgospel.com.br\/portal\/index.php\/2020\/07\/01\/governo-federal-prorroga-auxilio-emergencial-por-mais-dois-meses\/","title":{"rendered":"Governo Federal prorroga aux\u00edlio emergencial por mais dois meses"},"content":{"rendered":"\n<p>Em reuni\u00e3o no Congresso Nacional, realizada na manh\u00e3 desta ter\u00e7a-feira (30), o ministro da Economia, Paulo Guedes, j\u00e1 havia afirmado que o Governo Federal prorrogaria o aux\u00edlio emergencial. Ele preferiu n\u00e3o detalhar de que forma o benef\u00edcio seria estendido, pois o presidente Jair Bolsonaro estava prestes a anunciar a novidade. &nbsp;Horas depois, o governo confirmou a prorroga\u00e7\u00e3o do aux\u00edlio em duas parcelas de R$ 600. \u00c0 noite, Bolsonaro assinou o decreto que determinou o adiamento do benef\u00edcio.&nbsp;<\/p>\n\n\n\n<p>Na reuni\u00e3o da Comiss\u00e3o Mista do Congresso Nacional que discute as a\u00e7\u00f5es do Poder P\u00fablico no enfrentamento \u00e0 pandemia da Covid-19, o ministro disse acreditar em uma poss\u00edvel queda na curva de infectados nos pr\u00f3ximos meses, o que pode permitir a retomada dos empregos no pa\u00eds. \u201c\u201cAo longo desses tr\u00eas meses, a pandemia deve retroceder com algum vigor e n\u00f3s estaremos voltando seguros ao trabalho.\u201d<\/p>\n\n\n\n<p>Segundo o governo federal, o Aux\u00edlio Emergencial j\u00e1 foi pago a 64,3 milh\u00f5es de pessoas e j\u00e1 foram investidos R$ 98 bilh\u00f5es. Atualmente, 1.015.543 requerimentos est\u00e3o em an\u00e1lise no Dataprev. &nbsp;<\/p>\n\n\n\n<p>Aos parlamentares, Guedes elencou os esfor\u00e7os do governo para conceder cr\u00e9dito a empreendedores. Entre as a\u00e7\u00f5es citadas pelo ministro est\u00e1 o Programa de Apoio \u00e0s Microempresas e Empresas de Pequeno Porte (Pronampe), linha de cr\u00e9dito a juros baixos da Caixa Econ\u00f4mica Federal. Apesar disso, ele reconheceu que o governo ainda precisa trabalhar mais expandir o cr\u00e9dito durante a pandemia.\u00a0<\/p>\n\n\n\n<p>\u201cA verdade \u00e9 que como travou a economia do pa\u00eds inteiro, a necessidade de capital de giro quadruplicou. Mesmo expandindo o cr\u00e9dito como fizemos ainda \u00e9 insuficiente. Continuamos aperfei\u00e7oando os programas para procurar um melhor desempenho.\u201d<\/p>\n\n\n\n<p>O ministro afirmou que, at\u00e9 o momento, mais de R$ 1 trilh\u00e3o foi investido em a\u00e7\u00f5es ao enfrentamento ao novo coronav\u00edrus. Segundo ele, o montante \u00e9 duas vezes maior que a m\u00e9dia de investimentos de pa\u00edses emergentes e 10% superior que a m\u00e9dia dos recursos alocados por pa\u00edses desenvolvidos. \u201cN\u00e3o podemos concordar, em nenhum momento, com a afirma\u00e7\u00e3o de que o governo n\u00e3o se mobilizou. Consideramos isso uma vis\u00e3o injusta\u201d, disse.&nbsp;<\/p>\n","protected":false},"excerpt":{"rendered":"<p>Em reuni\u00e3o no Congresso Nacional, realizada na manh\u00e3 desta ter\u00e7a-feira (30), o ministro da Economia, Paulo Guedes, j\u00e1 havia afirmado que o Governo Federal prorrogaria o aux\u00edlio emergencial. Ele preferiu n\u00e3o detalhar de que forma o benef\u00edcio seria estendido, pois o presidente Jair Bolsonaro estava prestes a anunciar a novidade. &nbsp;Horas depois, o governo confirmou [&hellip;]<\/p>\n","protected":false},"author":2,"featured_media":6082,"comment_status":"open","ping_status":"open","sticky":false,"template":"","format":"standard","meta":[],"categories":[6,4],"tags":[],"_links":{"self":[{"href":"https:\/\/dgospel.com.br\/portal\/index.php\/wp-json\/wp\/v2\/posts\/6081"}],"collection":[{"href":"https:\/\/dgospel.com.br\/portal\/index.php\/wp-json\/wp\/v2\/posts"}],"about":[{"href":"https:\/\/dgospel.com.br\/portal\/index.php\/wp-json\/wp\/v2\/types\/post"}],"author":[{"embeddable":true,"href":"https:\/\/dgospel.com.br\/portal\/index.php\/wp-json\/wp\/v2\/users\/2"}],"replies":[{"embeddable":true,"href":"https:\/\/dgospel.com.br\/portal\/index.php\/wp-json\/wp\/v2\/comments?post=6081"}],"version-history":[{"count":1,"href":"https:\/\/dgospel.com.br\/portal\/index.php\/wp-json\/wp\/v2\/posts\/6081\/revisions"}],"predecessor-version":[{"id":6083,"href":"https:\/\/dgospel.com.br\/portal\/index.php\/wp-json\/wp\/v2\/posts\/6081\/revisions\/6083"}],"wp:featuredmedia":[{"embeddable":true,"href":"https:\/\/dgospel.com.br\/portal\/index.php\/wp-json\/wp\/v2\/media\/6082"}],"wp:attachment":[{"href":"https:\/\/dgospel.com.br\/portal\/index.php\/wp-json\/wp\/v2\/media?parent=6081"}],"wp:term":[{"taxonomy":"category","embeddable":true,"href":"https:\/\/dgospel.com.br\/portal\/index.php\/wp-json\/wp\/v2\/categories?post=6081"},{"taxonomy":"post_tag","embeddable":true,"href":"https:\/\/dgospel.com.br\/portal\/index.php\/wp-json\/wp\/v2\/tags?post=6081"}],"curies":[{"name":"wp","href":"https:\/\/api.w.org\/{rel}","templated":true}]}}