{"id":6084,"date":"2020-07-02T14:32:05","date_gmt":"2020-07-02T17:32:05","guid":{"rendered":"http:\/\/dgospel.com.br\/portal\/?p=6084"},"modified":"2020-07-02T14:32:07","modified_gmt":"2020-07-02T17:32:07","slug":"bolsonaro-se-emociona-com-palavras-de-pregadora-cega","status":"publish","type":"post","link":"https:\/\/dgospel.com.br\/portal\/index.php\/2020\/07\/02\/bolsonaro-se-emociona-com-palavras-de-pregadora-cega\/","title":{"rendered":"Bolsonaro se emociona com palavras de pregadora cega"},"content":{"rendered":"\n<p> O presidente Jair Bolsonaro se emocionou no fim da tarde de quarta-feira (1\u00b0), no retorno para o Pal\u00e1cio da Alvorada, ao ouvir palavras de apoio de uma jovem cega. Pregadora e cantora evang\u00e9lica, Vit\u00f3ria Fernandes declarou ter sa\u00eddo do Rio Grande do Norte para \u201ctransmitir um recado de Deus ao presidente\u201d. <\/p>\n\n\n\n<p> \u2013 Vim te transmitir um recado de Deus. Viajei de l\u00e1 para c\u00e1 tr\u00eas dias de \u00f4nibus, foi para a gl\u00f3ria de Deus. Quero come\u00e7ar dizendo que tem um anjo na porta do pal\u00e1cio, na porta da tua casa tem um anjo com espada para guerrear pelo senhor aqui dentro \u2013 disse ela. <\/p>\n\n\n\n<p>A jovem prosseguiu dizendo que Deus mostrou a ela que existem \u201cpessoas que querem a todo custo\u201d tirar Bolsonaro do poder, mas que o fato n\u00e3o se concretizar\u00e1 pois, segundo ela, foi o pr\u00f3prio Deus quem colocou o presidente no cargo.<\/p>\n\n\n\n<p>\u2013 Deus me mostrava uma nuvem negra por tr\u00e1s do senhor e Deus dizia que grande era sua luta na Presid\u00eancia. Essa nuvem negra s\u00e3o pessoas que querem a todo custo te tirar daqui. Mas ningu\u00e9m vai porque Deus mandou falar para o senhor que tu \u00e9s o escolhido do Senhor e da cadeira ningu\u00e9m te tira porque foi Ele quem te colocou nela \u2013 afirmou.  <\/p>\n\n\n\n<p> <\/p>\n\n\n\n<p>Vit\u00f3ria tamb\u00e9m instou ao presidente que fique atento com pessoas de dentro do governo que n\u00e3o querem que ele continue no cargo.<\/p>\n\n\n\n<p>\u2013 E eu olhava e via tr\u00eas sombras pretas l\u00e1 dentro e Deus dizia para mim que essas sombras, presta aten\u00e7\u00e3o presidente, s\u00e3o tr\u00eas pessoas que n\u00e3o querem que o senhor continue. S\u00e3o pessoas l\u00e1 de dentro, cuidado presidente. Vigia presidente. Porque o senhor e sua esposa s\u00e3o escolhidos aqui \u2013 continuou.<\/p>\n\n\n\n<p>Por fim, ela pediu ao chefe do Executivo que fa\u00e7a um jejum pela pr\u00f3pria vida. Segundo Vit\u00f3ria, o caminho do presidente n\u00e3o deve ser f\u00e1cil, mas ele terminar\u00e1 vitorioso.<\/p>\n\n\n\n<p>\u2013 O que o senhor vai passar n\u00e3o vai ser f\u00e1cil, vai ser muito grande a luta. J\u00e1 est\u00e1 sendo, mas o senhor vai ser vitorioso. Deus \u00e9 contigo, n\u00e3o tema \u2013 completou.<\/p>\n\n\n\n<p>Visivelmente tocado pelas palavras, o presidente agradeceu Vit\u00f3ria pela for\u00e7a e confian\u00e7a e ao final posou para uma foto com a jovem.<\/p>\n\n\n\n<p>\u2013 Acredito em Deus tamb\u00e9m e sei que veio do teu cora\u00e7\u00e3o essa palavras. Muito obrigado. Muito obrigado pela presen\u00e7a, dando for\u00e7a e confian\u00e7a para a gente \u2013 finalizou.<\/p>\n\n\n\n<p> <a href=\"https:\/\/www.facebook.com\/watch\/?t=26&amp;v=291034722254281\">https:\/\/www.facebook.com\/watch\/?t=26&amp;v=291034722254281<\/a> <br><\/p>\n\n\n\n<p><\/p>\n\n\n\n<p><\/p>\n","protected":false},"excerpt":{"rendered":"<p>O presidente Jair Bolsonaro se emocionou no fim da tarde de quarta-feira (1\u00b0), no retorno para o Pal\u00e1cio da Alvorada, ao ouvir palavras de apoio de uma jovem cega. Pregadora e cantora evang\u00e9lica, Vit\u00f3ria Fernandes declarou ter sa\u00eddo do Rio Grande do Norte para \u201ctransmitir um recado de Deus ao presidente\u201d. \u2013 Vim te transmitir [&hellip;]<\/p>\n","protected":false},"author":2,"featured_media":6085,"comment_status":"open","ping_status":"open","sticky":false,"template":"","format":"standard","meta":[],"categories":[5,6],"tags":[],"_links":{"self":[{"href":"https:\/\/dgospel.com.br\/portal\/index.php\/wp-json\/wp\/v2\/posts\/6084"}],"collection":[{"href":"https:\/\/dgospel.com.br\/portal\/index.php\/wp-json\/wp\/v2\/posts"}],"about":[{"href":"https:\/\/dgospel.com.br\/portal\/index.php\/wp-json\/wp\/v2\/types\/post"}],"author":[{"embeddable":true,"href":"https:\/\/dgospel.com.br\/portal\/index.php\/wp-json\/wp\/v2\/users\/2"}],"replies":[{"embeddable":true,"href":"https:\/\/dgospel.com.br\/portal\/index.php\/wp-json\/wp\/v2\/comments?post=6084"}],"version-history":[{"count":1,"href":"https:\/\/dgospel.com.br\/portal\/index.php\/wp-json\/wp\/v2\/posts\/6084\/revisions"}],"predecessor-version":[{"id":6086,"href":"https:\/\/dgospel.com.br\/portal\/index.php\/wp-json\/wp\/v2\/posts\/6084\/revisions\/6086"}],"wp:featuredmedia":[{"embeddable":true,"href":"https:\/\/dgospel.com.br\/portal\/index.php\/wp-json\/wp\/v2\/media\/6085"}],"wp:attachment":[{"href":"https:\/\/dgospel.com.br\/portal\/index.php\/wp-json\/wp\/v2\/media?parent=6084"}],"wp:term":[{"taxonomy":"category","embeddable":true,"href":"https:\/\/dgospel.com.br\/portal\/index.php\/wp-json\/wp\/v2\/categories?post=6084"},{"taxonomy":"post_tag","embeddable":true,"href":"https:\/\/dgospel.com.br\/portal\/index.php\/wp-json\/wp\/v2\/tags?post=6084"}],"curies":[{"name":"wp","href":"https:\/\/api.w.org\/{rel}","templated":true}]}}