{"id":6109,"date":"2020-07-08T17:03:21","date_gmt":"2020-07-08T20:03:21","guid":{"rendered":"http:\/\/dgospel.com.br\/portal\/?p=6109"},"modified":"2020-07-08T17:03:23","modified_gmt":"2020-07-08T20:03:23","slug":"leo-barbosa-e-eleito-segundo-vice-presidente-da-mesa-diretora-da-assembleia-legislativa-do-tocantins","status":"publish","type":"post","link":"https:\/\/dgospel.com.br\/portal\/index.php\/2020\/07\/08\/leo-barbosa-e-eleito-segundo-vice-presidente-da-mesa-diretora-da-assembleia-legislativa-do-tocantins\/","title":{"rendered":"L\u00e9o Barbosa \u00e9 eleito segundo vice-presidente da Mesa Diretora da Assembleia Legislativa do Tocantins"},"content":{"rendered":"\n<p>O plen\u00e1rio da Assembleia Legislativa do Tocantins (Aleto) elegeu na manh\u00e3 desta ter\u00e7a-feira (07), a Mesa Diretora para o segundo bi\u00eanio da atual legislatura (2021\/2022). Os parlamentares escolheram o deputado estadual L\u00e9o Barbosa (SD) para o cargo de segundo vice-presidente, que assumir\u00e1 a partir de fevereiro de 2021, juntamente com o restante dos componentes da Mesa.<br><\/p>\n\n\n\n<p>Em uma vota\u00e7\u00e3o hist\u00f3rica, o deputado Ant\u00f4nio Andrade (PTB) foi reeleito por unanimidade para o cargo de presidente da Casa de Leis. A chapa \u00fanica tamb\u00e9m contou com a elei\u00e7\u00e3o do deputado Cleyton Cardoso para primeiro vice-presidente, Jair Farias (1\u00ba Secret\u00e1rio), Valdemar J\u00fanior (2\u00ba Secret\u00e1rio), deputada Vanda Monteiro (3\u00aa Secret\u00e1ria) e Am\u00e1lia Santana (4\u00aa Secret\u00e1ria).<br><\/p>\n\n\n\n<p>Durante sua fala de agradecimento, L\u00e9o Barbosa agradeceu os colegas pela confian\u00e7a e apoio a sua elei\u00e7\u00e3o como segundo vice-presidente e reafirmou o compromisso em continuar trabalhando pelo Tocantins. \u201cAgrade\u00e7o a Deus e aos colegas por esta oportunidade. Vamos trabalhar cada dia mais para fazer um mandato representativo, sempre buscando o melhor para o nosso Estado\u201d, destacou.<br><\/p>\n\n\n\n<p>Na ocasi\u00e3o, o parlamentar tamb\u00e9m ressaltou o trabalho realizado por Ant\u00f4nio Andrade \u00e0 frente da Aleto at\u00e9 o momento. \u201cFico muito feliz em poder participar da reelei\u00e7\u00e3o de um presidente que busca fazer um mandato participativo, que n\u00e3o busca avocar processo, n\u00e3o passa por cima de ningu\u00e9m, mas sempre preza por dialogar para que possamos decidir juntos o rumo do legislativo deste Estado\u201d, completou Barbosa.&nbsp;<\/p>\n","protected":false},"excerpt":{"rendered":"<p>O plen\u00e1rio da Assembleia Legislativa do Tocantins (Aleto) elegeu na manh\u00e3 desta ter\u00e7a-feira (07), a Mesa Diretora para o segundo bi\u00eanio da atual legislatura (2021\/2022). Os parlamentares escolheram o deputado estadual L\u00e9o Barbosa (SD) para o cargo de segundo vice-presidente, que assumir\u00e1 a partir de fevereiro de 2021, juntamente com o restante dos componentes da [&hellip;]<\/p>\n","protected":false},"author":2,"featured_media":6111,"comment_status":"open","ping_status":"open","sticky":false,"template":"","format":"standard","meta":[],"categories":[8],"tags":[],"_links":{"self":[{"href":"https:\/\/dgospel.com.br\/portal\/index.php\/wp-json\/wp\/v2\/posts\/6109"}],"collection":[{"href":"https:\/\/dgospel.com.br\/portal\/index.php\/wp-json\/wp\/v2\/posts"}],"about":[{"href":"https:\/\/dgospel.com.br\/portal\/index.php\/wp-json\/wp\/v2\/types\/post"}],"author":[{"embeddable":true,"href":"https:\/\/dgospel.com.br\/portal\/index.php\/wp-json\/wp\/v2\/users\/2"}],"replies":[{"embeddable":true,"href":"https:\/\/dgospel.com.br\/portal\/index.php\/wp-json\/wp\/v2\/comments?post=6109"}],"version-history":[{"count":1,"href":"https:\/\/dgospel.com.br\/portal\/index.php\/wp-json\/wp\/v2\/posts\/6109\/revisions"}],"predecessor-version":[{"id":6112,"href":"https:\/\/dgospel.com.br\/portal\/index.php\/wp-json\/wp\/v2\/posts\/6109\/revisions\/6112"}],"wp:featuredmedia":[{"embeddable":true,"href":"https:\/\/dgospel.com.br\/portal\/index.php\/wp-json\/wp\/v2\/media\/6111"}],"wp:attachment":[{"href":"https:\/\/dgospel.com.br\/portal\/index.php\/wp-json\/wp\/v2\/media?parent=6109"}],"wp:term":[{"taxonomy":"category","embeddable":true,"href":"https:\/\/dgospel.com.br\/portal\/index.php\/wp-json\/wp\/v2\/categories?post=6109"},{"taxonomy":"post_tag","embeddable":true,"href":"https:\/\/dgospel.com.br\/portal\/index.php\/wp-json\/wp\/v2\/tags?post=6109"}],"curies":[{"name":"wp","href":"https:\/\/api.w.org\/{rel}","templated":true}]}}