{"id":6113,"date":"2020-07-08T17:26:55","date_gmt":"2020-07-08T20:26:55","guid":{"rendered":"http:\/\/dgospel.com.br\/portal\/?p=6113"},"modified":"2020-07-18T17:12:05","modified_gmt":"2020-07-18T20:12:05","slug":"pastor-sebastiao-rodrigues-morre-aos-89-anos-vitima-de-complicacoes-decorrentes-da-covid-19","status":"publish","type":"post","link":"https:\/\/dgospel.com.br\/portal\/index.php\/2020\/07\/08\/pastor-sebastiao-rodrigues-morre-aos-89-anos-vitima-de-complicacoes-decorrentes-da-covid-19\/","title":{"rendered":"Pastor Sebasti\u00e3o Rodrigues morre aos 89 anos v\u00edtima de complica\u00e7\u00f5es decorrentes da COVID-19"},"content":{"rendered":"\n<p>Faleceu na manh\u00e3 desta quarta-feira, 8 de julho, aos 89 anos, v\u00edtima de complica\u00e7\u00f5es decorrentes da COVID-19, o pastor Sebasti\u00e3o Rodrigues de Souza, l\u00edder da Conven\u00e7\u00e3o de Ministros das Assembleias de Deus no Estado do Mato Grosso (Comademat) e primeiro vice-presidente da Conven\u00e7\u00e3o Geral das Assembleias de Deus no Brasil (CGADB). Ele era um dos l\u00edderes mais queridos e respeitados das Assembleias de Deus no Brasil.<\/p>\n\n\n\n<p>Nascido em 11 de agosto de 1931, em Pirajuba (MG), filho de Jos\u00e9 Antonio de Souza e Maria Abadia Rodrigues, irm\u00e3o Sebasti\u00e3o se converteu a Cristo aos 13 anos de idade. Em outubro de 1948, desceu \u00e0s \u00e1guas batismais, tendo sido batizado no Esp\u00edrito Santo no mesmo ano. Sobre essa experi\u00eancia, pastor Sebasti\u00e3o afirmava: \u201cSem esse revestimento de poder, creio que n\u00e3o teria chegado at\u00e9 aqui!\u201d.<\/p>\n\n\n\n<p>Ele foi ordenado ao minist\u00e9rio em 25 de julho de 1965. Antes de assumir a presid\u00eancia da Assembleia de Deus em Cuiab\u00e1, pastor Sebasti\u00e3o dirigiu as igrejas mineiras de Pirajuba, Prata, Capin\u00f3polis e Ituiutaba, e as igrejas nas cidades paulistas de Igarapava e Votuporanga.<\/p>\n\n\n\n<p>Em 12 de dezembro de 1974, foi enviado para Cuiab\u00e1 para assumir a lideran\u00e7a da Assembleia de Deus na capital mato-grossense. Na \u00e9poca, Cuiab\u00e1 e V\u00e1rzea Grande tinham, juntas, apenas sete igrejas. Ao chegar na nova igreja, o pastor Sebasti\u00e3o encontrou a irm\u00e3 Pequena, como era conhecida a ent\u00e3o zeladora da igreja, cuidando da limpeza do templo. Na solenidade de posse, esteve presente o pastor C\u00edcero Canuto de Lima, juntamente com uma grande comitiva de pastores vindos de S\u00e3o Paulo.<\/p>\n\n\n\n<p>Em junho de 1976, pastor Sebasti\u00e3o inaugurou o novo e reformado templo sede, o atual templo sede na Rua Arnaldo de Matos; e em 1985, come\u00e7ou a constru\u00e7\u00e3o do Grande Templo, o qual foi inaugurado em 7 de julho de 1996. Ele tem uma \u00e1rea de 31,1 mil metros quadrados, capacidade para abrigar, somente no santu\u00e1rio, 22,5 mil pessoas sentadas; um estacionamento para mil carros, uma escola para 1,5 mil alunos, uma r\u00e1dio e uma faculdade, todas fundadas em sua gest\u00e3o. O local \u00e9 considerado o maior do Estado e o templo, um dos maiores do mundo.<\/p>\n\n\n\n<p>Em 46 anos de trabalho no Mato Grosso, o resultado s\u00e3o mais de 2 mil templos em todo o estado e cerca de 400 mil membros. E ao longo desses anos, o pastor Sebasti\u00e3o tamb\u00e9m foi respons\u00e1vel por diversas a\u00e7\u00f5es sociais, especialmente voltadas para \u00e1rea educacional, com implanta\u00e7\u00e3o de escolas em Cuiab\u00e1 e demais munic\u00edpios de Mato Grosso, que proporcionaram uma nova vis\u00e3o de vida a jovens e adultos.<\/p>\n\n\n\n<p>Pastor Sebasti\u00e3o foi membro do Conselho Administrativo da CPAD em dois mandatos (1977 e 1983) e desde 1981 passou a compor a Mesa Diretora da CGADB. Ele presidiu a CGADB de 1993 a 1995. Atualmente, era o primeiro vice-presidente. Ele foi um l\u00edder que se notabilizou pelo grande trabalho desenvolvido na obra de Deus, seja na \u00e1rea de evangeliza\u00e7\u00e3o, seja na \u00e1rea social; por liderar com sucesso grandes empreendimentos; pela sua sensibilidade espiritual; pela sua integridade e por seu perfil conservador.<\/p>\n\n\n\n<p>Pastor Sebasti\u00e3o deixa a esposa, irm\u00e3 Nilda de Paula Souza, tr\u00eas filhos \u2013 o pastor Silas Paulo, Silene e Manoel Ab\u00edlia (de cria\u00e7\u00e3o) \u2013, netos, bisnetos e tataranetos. Seu outro filho, pastor Rubens Siro de Souza, faleceu de COVID-19 na sexta-feira da semana passada, dia 3 de julho. Ele era o vice-presidente da igreja.<\/p>\n\n\n\n<p>Mais informa\u00e7\u00f5es na pr\u00f3xima edi\u00e7\u00e3o do jornal&nbsp;<em>Mensageiro da Paz<\/em>, que trar\u00e1 um caderno especial sobre a vida, a obra e o passamento deste grande servo de Deus.<\/p>\n\n\n\n<p>Abaixo, segue entrevista concedida um ano atr\u00e1s pelo pastor Sebasti\u00e3o \u00e0 TV CPAD.<\/p>\n\n\n\n<figure class=\"wp-block-embed-youtube wp-block-embed is-type-video is-provider-youtube wp-embed-aspect-16-9 wp-has-aspect-ratio\"><div class=\"wp-block-embed__wrapper\">\n<iframe loading=\"lazy\" title=\"CGADB na TV 27 - Entrevista com o Pr. Sebasti\u00e3o Rodrigues de Souza\" width=\"630\" height=\"354\" src=\"https:\/\/www.youtube.com\/embed\/MAUvv7W6ua4?feature=oembed\" frameborder=\"0\" allow=\"accelerometer; autoplay; encrypted-media; gyroscope; picture-in-picture\" allowfullscreen><\/iframe>\n<\/div><\/figure>\n","protected":false},"excerpt":{"rendered":"<p>Faleceu na manh\u00e3 desta quarta-feira, 8 de julho, aos 89 anos, v\u00edtima de complica\u00e7\u00f5es decorrentes da COVID-19, o pastor Sebasti\u00e3o Rodrigues de Souza, l\u00edder da Conven\u00e7\u00e3o de Ministros das Assembleias de Deus no Estado do Mato Grosso (Comademat) e primeiro vice-presidente da Conven\u00e7\u00e3o Geral das Assembleias de Deus no Brasil (CGADB). Ele era um dos [&hellip;]<\/p>\n","protected":false},"author":2,"featured_media":6114,"comment_status":"open","ping_status":"open","sticky":false,"template":"","format":"standard","meta":[],"categories":[5,6],"tags":[14],"_links":{"self":[{"href":"https:\/\/dgospel.com.br\/portal\/index.php\/wp-json\/wp\/v2\/posts\/6113"}],"collection":[{"href":"https:\/\/dgospel.com.br\/portal\/index.php\/wp-json\/wp\/v2\/posts"}],"about":[{"href":"https:\/\/dgospel.com.br\/portal\/index.php\/wp-json\/wp\/v2\/types\/post"}],"author":[{"embeddable":true,"href":"https:\/\/dgospel.com.br\/portal\/index.php\/wp-json\/wp\/v2\/users\/2"}],"replies":[{"embeddable":true,"href":"https:\/\/dgospel.com.br\/portal\/index.php\/wp-json\/wp\/v2\/comments?post=6113"}],"version-history":[{"count":1,"href":"https:\/\/dgospel.com.br\/portal\/index.php\/wp-json\/wp\/v2\/posts\/6113\/revisions"}],"predecessor-version":[{"id":6115,"href":"https:\/\/dgospel.com.br\/portal\/index.php\/wp-json\/wp\/v2\/posts\/6113\/revisions\/6115"}],"wp:featuredmedia":[{"embeddable":true,"href":"https:\/\/dgospel.com.br\/portal\/index.php\/wp-json\/wp\/v2\/media\/6114"}],"wp:attachment":[{"href":"https:\/\/dgospel.com.br\/portal\/index.php\/wp-json\/wp\/v2\/media?parent=6113"}],"wp:term":[{"taxonomy":"category","embeddable":true,"href":"https:\/\/dgospel.com.br\/portal\/index.php\/wp-json\/wp\/v2\/categories?post=6113"},{"taxonomy":"post_tag","embeddable":true,"href":"https:\/\/dgospel.com.br\/portal\/index.php\/wp-json\/wp\/v2\/tags?post=6113"}],"curies":[{"name":"wp","href":"https:\/\/api.w.org\/{rel}","templated":true}]}}