{"id":6116,"date":"2020-07-08T17:29:21","date_gmt":"2020-07-08T20:29:21","guid":{"rendered":"http:\/\/dgospel.com.br\/portal\/?p=6116"},"modified":"2020-07-18T17:12:18","modified_gmt":"2020-07-18T20:12:18","slug":"bolsonaro-publica-nota-pela-morte-do-pastor-sebastiao-tv-cpad-e-redes-sociais-da-igreja-transmitirao-cortejo-e-cerimonia-funebre","status":"publish","type":"post","link":"https:\/\/dgospel.com.br\/portal\/index.php\/2020\/07\/08\/bolsonaro-publica-nota-pela-morte-do-pastor-sebastiao-tv-cpad-e-redes-sociais-da-igreja-transmitirao-cortejo-e-cerimonia-funebre\/","title":{"rendered":"Bolsonaro publica nota pela morte do pastor Sebasti\u00e3o; TV CPAD e redes sociais da igreja transmitir\u00e3o cortejo e cerim\u00f4nia f\u00fanebre"},"content":{"rendered":"\n<p>O presidente da Rep\u00fablica, Jair Bolsonaro, publicou na tarde de hoje uma nota oficial sobre o passamento para Eternidade do pastor Sebasti\u00e3o Rodrigues de Souza, l\u00edder da Assembleia de Deus no Mato Grosso, que faleceu nesta manh\u00e3 v\u00edtima da COVID-19. Diz a nota:<\/p>\n\n\n\n<p>\u201cNo Salmo 116.15, lemos que \u2018Preciosa \u00e9 \u00e0 vista do SENHOR a morte dos seus santos\u2019. Hoje, mais uma vez isto ocorreu, com a partida para o Senhor do saudoso pastor Sebasti\u00e3o Rodrigues, da Igreja Assembleia de Deus! A terra perde valoroso obreiro, mas o Senhor abra\u00e7a um filho que venceu! Meus sinceros sentimentos a toda comunidade crist\u00e3 e \u00e0 fam\u00edlia do querido pastor Sebasti\u00e3o! Oremos pelo conforto do Senhor na vida dos familiares!\u201d<br><strong>Jair Messias Bolsonaro<br>Presidente da Rep\u00fablica Federativa do Brasil<\/strong><\/p>\n\n\n\n<p>O cortejo f\u00fanebre do corpo do pastor Sebasti\u00e3o Rodrigues ser\u00e1 hoje, \u00e0s 16h30 (hor\u00e1rio de Bras\u00edlia), saindo do Hospital Femina, passando pelo Grande Templo da AD em Cuiab\u00e1 at\u00e9 o Cemit\u00e9rio do Parque Cuiab\u00e1, onde haver\u00e1 uma cerim\u00f4nia f\u00fanebre respeitando as normas de distanciamento. O cortejo e a cerim\u00f4nia ser\u00e3o transmitidos ao vivo pelas p\u00e1ginas no Facebook do Grande Templo, da Umadecre, do Templo Sede, do Pastor Sebasti\u00e3o Rodrigues de Souza e pelo canal no Youtube da&nbsp;<a href=\"https:\/\/www.youtube.com\/watch?v=eugJB5v4OPw&amp;app=desktop\" target=\"_blank\" rel=\"noreferrer noopener\"><strong>TV CPAD<\/strong><\/a>. O governo de Mato Grosso anunciou hoje \u00e0 tarde que vai decretar luto oficial de tr\u00eas dias pela morte do pastor Sebasti\u00e3o Rodrigues de Souza, de 89 anos, l\u00edder da Assembleia de Deus no Estado. Ele morreu na madrugada desta quarta-feira, v\u00edtima da COVID-19.<\/p>\n\n\n\n<p>\u201cTinha por ele uma grande admira\u00e7\u00e3o, pelo l\u00edder e homem de Deus que ele sempre foi. Sua igreja e a sua f\u00e9 permanecer\u00e3o vivos para sempre. Eu e minha esposa, Virg\u00ednia Mendes, estamos em ora\u00e7\u00e3o para que Deus conforte o cora\u00e7\u00e3o dos familiares, amigos e dos milhares de fi\u00e9is\u201d, afirmou o governador Mauro Mendes.<\/p>\n\n\n\n<p>Alguns l\u00edderes das Assembleias de Deus e de \u00f3rg\u00e3os da Conven\u00e7\u00e3o Geral das Assembleias de Deus no Brasil (CGADB) tamb\u00e9m se manifestaram via redes socias sobre a partida do pastor Sebasti\u00e3o. Abaixo seguem alguns depoimentos.<\/p>\n\n\n\n<p>\u201cCumprimos com extrema tristeza o dever de informar aos assembleianos de todo Brasil que foi chamado ao descanso eterno na manh\u00e3 desta triste quarta-feira, 8 de julho de 2020, um dos baluartes das Assembleias de Deus no Brasil, O PASTOR SEBASTI\u00c3O RODRIGUES DE SOUZA, em decorr\u00eancia da covid-19. Sebasti\u00e3o Rodrigues de Souza nasceu no dia 11 de agosto de 1931, na fazenda de seus av\u00f3s maternos, pr\u00f3xima \u00e0 cidade de Pirajuba (MG), onde foi batizado aos 17 anos e permaneceu at\u00e9 seus 27 anos. Filho de Jos\u00e9 Antonio de Souza e Maria Abadia Rodrigues\u201d.<br>\u201cNo ano de 1947, Sebasti\u00e3o encontra Nilda na cidade de Pirajuba, casam-se em 1949 e permanecem na cidade at\u00e9 1958, quando partem para Frutal (MG) onde Sebasti\u00e3o \u00e9 consagrado ao diaconato em 1959. Ficaram na cidade at\u00e9 1961, depois seguiram para Ituiutaba (MG), e depois para Capin\u00f3polis (MG), onde foi consagrado ao presbit\u00e9rio em 1962, chegando ao pastorado em 1965. Iniciando com forte apoio de sua dign\u00edssima esposa, sua carreia pastoral tem no curr\u00edculo a dire\u00e7\u00e3o e a presid\u00eancia de v\u00e1rias igrejas, como as dos campos de Campin\u00f3polis (MG), Ituiutaba (MG), Igarapava (SP), Votuporanga (SP) e Cuiab\u00e1 (MT), sendo pastor presidente das Assembleias de Deus do Estado de Mato Grosso h\u00e1 mais de 45 anos\u201d.<br>\u201cDe 1993 a 1995, ele foi presidente da Conven\u00e7\u00e3o Geral das Assembleias de Deus no Brasil; de 1995 para c\u00e1, vinha servindo fielmente como vice-presidente. No \u00faltimo dia 4, foi sepultado seu filho, pastor Rubens Siro de Souza. Hoje, deixa vi\u00fava a irm\u00e3 Nilda, que recebeu ontem (7) alta hospitalar ap\u00f3s contrair tamb\u00e9m a covid-19; os filhos Silas, Silene e Ab\u00edlio; noras, genros, netos, bisnetos e tataranetos\u201d.<br><strong>Pastor Jos\u00e9 Wellington Costa J\u00fanior<br>Presidente da CGADB<\/strong><\/p>\n\n\n\n<p>\u201cMeu companheiro, meu amigo, meu irm\u00e3o! Far\u00e1 falta. Agrade\u00e7o a Deus por ter desfrutado de sua companhia e de sua amizade. Deixar\u00e1 saudades!\u201d<br><strong>Pastor Jos\u00e9 Wellington Bezerra da Costa<br>Presidente do Conselho Administrativo da CPAD e presidente de honra da CGADB<\/strong><\/p>\n\n\n\n<p>\u201c\u2018Preciosa \u00e9 aos olhos do Senhor a morte dos seus santos\u2019 (Sl 116.15). A IEADA \u2013 Igreja Evang\u00e9lica Assembleia de Deus do Aribiri, Vila Velha, ES \u2013, na pessoa do seu presidente, lamenta e se rende \u00e0 vontade de Deus pelo falecimento do Pr. Sebasti\u00e3o Rodrigues de Souza, um l\u00edder ministerial que deixa o exemplo e referencial para os ministros e igrejas no Brasil. O Senhor recolheu um pr\u00edncipe da Assembleia de Deus na nossa p\u00e1tria. Nossas condol\u00eancias para a fam\u00edlia, extensivas \u00e0 COMADEMAT e \u00e0 igreja em Cuiab\u00e1, rogando a Deus pelo conforto espiritual dos seus familiares\u201d.&nbsp;<br><strong>Pastor Kemuel Sotero e fam\u00edlia<br>Presidente da IEADA e vice-presidente do Conselho Administrativo da CPAD<\/strong><\/p>\n\n\n\n<p>\u201c\u00c9 com profundo pesar que recebemos a not\u00edcia do falecimento do Pastor Sebasti\u00e3o Rodrigues de Souza, um exemplo de homem de Deus e l\u00edder espiritual que impactou a vida de toda uma gera\u00e7\u00e3o de obreiros e contribuiu para a expans\u00e3o do evangelho de Jesus Cristo no Estado de Mato Grosso\u201d.<br>\u201cEu e minha fam\u00edlia tivemos o privil\u00e9gio de desfrutar do carinho e da amizade do pastor Sebasti\u00e3o e sua fam\u00edlia, a quem aprendemos a amar e a respeitar. Que o Senhor traga conforto aos cora\u00e7\u00f5es e d\u00ea for\u00e7as \u00e0 fam\u00edlia e \u00e0 Igreja em Cuiab\u00e1 e no Estado de Mato Grosso. \u2018E ouvi uma voz do c\u00e9u, que me dizia: Escreve: Bem-aventurados os mortos que, desde agora, morrem no Senhor. Sim, diz o Esp\u00edrito, para que descansem dos seus trabalhos, e as suas obras os sigam\u2019 (Apocalipse 14.13)\u201d.<br><strong>Ronaldo Rodrigues de Souza<br>Diretor-Executivo da CPAD<\/strong><\/p>\n\n\n\n<p>\u201c\u2018Como tombaram os her\u00f3is? Em pleno combate J\u00f4natas tombou sobre as tuas colinas\u201d (2Sm 1.25). Lamentamos a aus\u00eancia de nosso grande patriarca, Pr. Sebasti\u00e3o Rodrigues de Souza. Assim como J\u00f4natas, tombou heroicamente sobre as colinas da batalha. Agradecemos a Deus por ter permitido entre n\u00f3s um homem do quilate do Pr. Sebasti\u00e3o Rodrigues de Souza. Sua gera\u00e7\u00e3o faz a nossa ser desejosa de uma comunh\u00e3o e de uma presta\u00e7\u00e3o de servi\u00e7o melhores diante de Deus. Sua presen\u00e7a, seu sil\u00eancio grave e suas a\u00e7\u00f5es ponderadas deixam um legado para os ne\u00f3fitos. Humanamente, h\u00e1 limita\u00e7\u00f5es em dizer ou fazer alguma coisa que traduza a import\u00e2ncia e o reconhecimento de tudo que o Pr. Sebasti\u00e3o realizou. T\u00e3o somente agradecemos a Deus pela oportunidade de t\u00ea-lo em nossa companhia. Agradecemos a Deus por desfrutar do legado constru\u00eddo e compartilhado pelo Pastor Sebasti\u00e3o Rodrigues de Souza. Em nome da IEADALPE e da COMADALPE deixamos a nossa palavra de condol\u00eancias \u00e0 nossa querida irm\u00e3 Nilda, \u00e0 fam\u00edlia, \u00e0 igreja, ao minist\u00e9rio e \u00e0 COMADEMAT\u201d.<br><strong>Pastor Roberto Jos\u00e9 dos Santos<br>Presidente da Assembleia de Deus em Abreu e Lima (PE) e da Conven\u00e7\u00e3o de Ministros da AD em Abreu e Lima-PE, e terceiro secret\u00e1rio da CGADB<\/strong><\/p>\n","protected":false},"excerpt":{"rendered":"<p>O presidente da Rep\u00fablica, Jair Bolsonaro, publicou na tarde de hoje uma nota oficial sobre o passamento para Eternidade do pastor Sebasti\u00e3o Rodrigues de Souza, l\u00edder da Assembleia de Deus no Mato Grosso, que faleceu nesta manh\u00e3 v\u00edtima da COVID-19. Diz a nota: \u201cNo Salmo 116.15, lemos que \u2018Preciosa \u00e9 \u00e0 vista do SENHOR a [&hellip;]<\/p>\n","protected":false},"author":2,"featured_media":6117,"comment_status":"open","ping_status":"open","sticky":false,"template":"","format":"standard","meta":[],"categories":[5,6],"tags":[14],"_links":{"self":[{"href":"https:\/\/dgospel.com.br\/portal\/index.php\/wp-json\/wp\/v2\/posts\/6116"}],"collection":[{"href":"https:\/\/dgospel.com.br\/portal\/index.php\/wp-json\/wp\/v2\/posts"}],"about":[{"href":"https:\/\/dgospel.com.br\/portal\/index.php\/wp-json\/wp\/v2\/types\/post"}],"author":[{"embeddable":true,"href":"https:\/\/dgospel.com.br\/portal\/index.php\/wp-json\/wp\/v2\/users\/2"}],"replies":[{"embeddable":true,"href":"https:\/\/dgospel.com.br\/portal\/index.php\/wp-json\/wp\/v2\/comments?post=6116"}],"version-history":[{"count":1,"href":"https:\/\/dgospel.com.br\/portal\/index.php\/wp-json\/wp\/v2\/posts\/6116\/revisions"}],"predecessor-version":[{"id":6118,"href":"https:\/\/dgospel.com.br\/portal\/index.php\/wp-json\/wp\/v2\/posts\/6116\/revisions\/6118"}],"wp:featuredmedia":[{"embeddable":true,"href":"https:\/\/dgospel.com.br\/portal\/index.php\/wp-json\/wp\/v2\/media\/6117"}],"wp:attachment":[{"href":"https:\/\/dgospel.com.br\/portal\/index.php\/wp-json\/wp\/v2\/media?parent=6116"}],"wp:term":[{"taxonomy":"category","embeddable":true,"href":"https:\/\/dgospel.com.br\/portal\/index.php\/wp-json\/wp\/v2\/categories?post=6116"},{"taxonomy":"post_tag","embeddable":true,"href":"https:\/\/dgospel.com.br\/portal\/index.php\/wp-json\/wp\/v2\/tags?post=6116"}],"curies":[{"name":"wp","href":"https:\/\/api.w.org\/{rel}","templated":true}]}}