{"id":6119,"date":"2020-07-10T09:41:37","date_gmt":"2020-07-10T12:41:37","guid":{"rendered":"http:\/\/dgospel.com.br\/portal\/?p=6119"},"modified":"2020-07-10T09:41:38","modified_gmt":"2020-07-10T12:41:38","slug":"bolsonaro-sanciona-lei-que-prioriza-teste-para-profissional-essencial","status":"publish","type":"post","link":"https:\/\/dgospel.com.br\/portal\/index.php\/2020\/07\/10\/bolsonaro-sanciona-lei-que-prioriza-teste-para-profissional-essencial\/","title":{"rendered":"Bolsonaro sanciona lei que prioriza teste para profissional essencial"},"content":{"rendered":"\n<p>O presidente Jair Bolsonaro sancionou a lei que garante a prioridade na realiza\u00e7\u00e3o de testes da covid-19 para profissionais essenciais ao controle de doen\u00e7as e \u00e0 manuten\u00e7\u00e3o da ordem p\u00fablica, que estiverem em contato direto com portadores ou poss\u00edveis portadores do novo coronav\u00edrus. De acordo com a Lei n\u00ba 14.023\/2020, publicada nesta quinta-feira no Di\u00e1rio Oficial da Uni\u00e3o, esses trabalhadores dever\u00e3o ser tempestivamente tratados e orientados sobre sua condi\u00e7\u00e3o de sa\u00fade e o retorno ao trabalho.<\/p>\n\n\n\n<p>Durante a pandemia, o poder p\u00fablico e os empregadores ou contratantes desses profissionais fornecer\u00e3o, gratuitamente, os equipamentos de prote\u00e7\u00e3o individual (EPIs) recomendados pela Anvisa, de acordo com os protocolos indicados para cada situa\u00e7\u00e3o. A lei abrange profissionais que trabalham ou sejam convocados a trabalhar nas unidades de sa\u00fade durante o per\u00edodo de isolamento social ou que tenham contato com pessoas ou com materiais que ofere\u00e7am risco de contamina\u00e7\u00e3o pelo novo coronav\u00edrus.<\/p>\n\n\n\n<p>De acordo com o texto, s\u00e3o considerados profissionais essenciais aqueles que atuam nos sistemas de sa\u00fade, seguran\u00e7a e assist\u00eancia social e outros, como cuidadores idosos, pessoas com defici\u00eancia ou com doen\u00e7as raras; bi\u00f3logos, biom\u00e9dicos e t\u00e9cnicos em an\u00e1lises cl\u00ednicas; coveiros e demais trabalhadores de servi\u00e7os funer\u00e1rios e de aut\u00f3psias; profissionais de limpeza e que atuem na cadeia de produ\u00e7\u00e3o de alimentos e bebidas; aerovi\u00e1rios e controladores de voo.<\/p>\n\n\n\n<p><strong>Fonte: O Dia \/ com informa\u00e7\u00f5es Ag\u00eancia Brasil \/ Foto: Reprodu\u00e7\u00e3o de TV<\/strong><\/p>\n","protected":false},"excerpt":{"rendered":"<p>O presidente Jair Bolsonaro sancionou a lei que garante a prioridade na realiza\u00e7\u00e3o de testes da covid-19 para profissionais essenciais ao controle de doen\u00e7as e \u00e0 manuten\u00e7\u00e3o da ordem p\u00fablica, que estiverem em contato direto com portadores ou poss\u00edveis portadores do novo coronav\u00edrus. De acordo com a Lei n\u00ba 14.023\/2020, publicada nesta quinta-feira no Di\u00e1rio [&hellip;]<\/p>\n","protected":false},"author":2,"featured_media":6122,"comment_status":"open","ping_status":"open","sticky":false,"template":"","format":"standard","meta":[],"categories":[6,4],"tags":[],"_links":{"self":[{"href":"https:\/\/dgospel.com.br\/portal\/index.php\/wp-json\/wp\/v2\/posts\/6119"}],"collection":[{"href":"https:\/\/dgospel.com.br\/portal\/index.php\/wp-json\/wp\/v2\/posts"}],"about":[{"href":"https:\/\/dgospel.com.br\/portal\/index.php\/wp-json\/wp\/v2\/types\/post"}],"author":[{"embeddable":true,"href":"https:\/\/dgospel.com.br\/portal\/index.php\/wp-json\/wp\/v2\/users\/2"}],"replies":[{"embeddable":true,"href":"https:\/\/dgospel.com.br\/portal\/index.php\/wp-json\/wp\/v2\/comments?post=6119"}],"version-history":[{"count":1,"href":"https:\/\/dgospel.com.br\/portal\/index.php\/wp-json\/wp\/v2\/posts\/6119\/revisions"}],"predecessor-version":[{"id":6123,"href":"https:\/\/dgospel.com.br\/portal\/index.php\/wp-json\/wp\/v2\/posts\/6119\/revisions\/6123"}],"wp:featuredmedia":[{"embeddable":true,"href":"https:\/\/dgospel.com.br\/portal\/index.php\/wp-json\/wp\/v2\/media\/6122"}],"wp:attachment":[{"href":"https:\/\/dgospel.com.br\/portal\/index.php\/wp-json\/wp\/v2\/media?parent=6119"}],"wp:term":[{"taxonomy":"category","embeddable":true,"href":"https:\/\/dgospel.com.br\/portal\/index.php\/wp-json\/wp\/v2\/categories?post=6119"},{"taxonomy":"post_tag","embeddable":true,"href":"https:\/\/dgospel.com.br\/portal\/index.php\/wp-json\/wp\/v2\/tags?post=6119"}],"curies":[{"name":"wp","href":"https:\/\/api.w.org\/{rel}","templated":true}]}}