{"id":6130,"date":"2020-07-10T09:55:28","date_gmt":"2020-07-10T12:55:28","guid":{"rendered":"http:\/\/dgospel.com.br\/portal\/?p=6130"},"modified":"2020-07-10T09:55:30","modified_gmt":"2020-07-10T12:55:30","slug":"holanda-eliminara-genero-dos-cartoes-de-identificacao-a-partir-de-2024","status":"publish","type":"post","link":"https:\/\/dgospel.com.br\/portal\/index.php\/2020\/07\/10\/holanda-eliminara-genero-dos-cartoes-de-identificacao-a-partir-de-2024\/","title":{"rendered":"Holanda eliminar\u00e1 g\u00eanero dos cart\u00f5es de identifica\u00e7\u00e3o a partir de 2024"},"content":{"rendered":"\n<p>A&nbsp;<strong><a href=\"https:\/\/guiame.com.br\/gospel\/noticias\/eric-botteghin-nao-basta-ser-so-um-jogador-de-futebol-mas-ser-um-missionario.html\">Holanda<\/a><\/strong>&nbsp;deve retirar em breve o campo onde se marca o g\u00eanero dos cart\u00f5es de identifica\u00e7\u00e3o dos cidad\u00e3os, anunciou o governo. A medida visa apoiar a agenda ideol\u00f3gica LGBT e prev\u00ea que outros documentos oficiais devem seguir a mesma linha.<\/p>\n\n\n\n<p>A ministra da Educa\u00e7\u00e3o Ingrid van Engelshoven &#8211; que tamb\u00e9m \u00e9 respons\u00e1vel pelas quest\u00f5es de emancipa\u00e7\u00e3o &#8211; disse que identificar o g\u00eanero nos cart\u00f5es de identidade \u00e9 &#8220;desnecess\u00e1rio&#8221; e fere as pessoas que se identificam como LGBTQIA+.<\/p>\n\n\n\n<p>Em discurso no parlamento holand\u00eas, ela destacou que todos os cidad\u00e3os devem poder desenvolver sua &#8220;pr\u00f3pria identidade em liberdade&#8221;. Eliminar o g\u00eanero das identifica\u00e7\u00f5es ajudaria as pessoas &#8220;que n\u00e3o se sentem inequivocamente como homem ou mulher&#8221;.<\/p>\n\n\n\n<p>A iniciativa foi acordada dentro do governo de coaliz\u00e3o e se tornar\u00e1 realidade quando o pa\u00eds emitir o novo cart\u00e3o de identidade do cidad\u00e3o, a partir de 2024.<\/p>\n\n\n\n<p>Grupos de transexuais, de g\u00eanero diversificado e LGBT comemoraram o que consideram um avan\u00e7o em seus objetivos. Eles disseram ao jornal holand\u00eas Trouw que eram \u201c\u00f3timas not\u00edcias\u201d para as pessoas que \u201cfrequentemente fazem perguntas desnecess\u00e1rias e indiscretas em trens ou na fronteira\u201d.<\/p>\n\n\n\n<p><strong>Tend\u00eancia ganha impulso na Europa<\/strong><\/p>\n\n\n\n<p>Os planos do governo holand\u00eas v\u00e3o al\u00e9m dos cart\u00f5es de identifica\u00e7\u00e3o. As refer\u00eancias a g\u00eanero ou sexo tamb\u00e9m podem ser apagadas em outros documentos oficiais.<\/p>\n\n\n\n<p>De acordo com o Dutch News, o site do governo para busca de emprego &#8216;Werken voor Nederland&#8217; (trabalhando para a Holanda) j\u00e1 eliminou o requisito de marcar a op\u00e7\u00e3o de g\u00eanero.<\/p>\n\n\n\n<p>Essas mudan\u00e7as n\u00e3o ser\u00e3o aplicadas aos passaportes, uma vez que seguem as regras comuns da Uni\u00e3o Europeia, mas a ministra van Engelshoven disse que espera que a maioria dos estados membros da UE aprove essa mudan\u00e7a no futuro.<\/p>\n\n\n\n<p>Outros pa\u00edses do continente tomaram medidas no sentido de eliminar as refer\u00eancias ao g\u00eanero de seus cidad\u00e3os.<\/p>\n\n\n\n<p>Em 2019, a&nbsp;<strong><a href=\"https:\/\/guiame.com.br\/gospel\/noticias\/franca-proibe-palavras-mae-e-pai-em-documentos-escolares.html\">Fran\u00e7a substituiu as palavras<\/a><\/strong>&nbsp;\u201cm\u00e3e\u201d e \u201cpai\u201d por \u201cPai 1\u201d e \u201cPai 2\u201d nos documentos oficiais da escola.<\/p>\n\n\n\n<p>Em 2018, a Alemanha aprovou uma op\u00e7\u00e3o de &#8220;terceiro g\u00eanero&#8221; para pessoas que desejavam se registrar em documentos oficiais usando a categoria &#8220;diverso&#8221;.<\/p>\n\n\n\n<p>\n\nFONTE: GUIAME, COM INFORMA\u00c7\u00d5ES DO EVANGELICAL FOCUS\n\n<\/p>\n","protected":false},"excerpt":{"rendered":"<p>A&nbsp;Holanda&nbsp;deve retirar em breve o campo onde se marca o g\u00eanero dos cart\u00f5es de identifica\u00e7\u00e3o dos cidad\u00e3os, anunciou o governo. A medida visa apoiar a agenda ideol\u00f3gica LGBT e prev\u00ea que outros documentos oficiais devem seguir a mesma linha. A ministra da Educa\u00e7\u00e3o Ingrid van Engelshoven &#8211; que tamb\u00e9m \u00e9 respons\u00e1vel pelas quest\u00f5es de emancipa\u00e7\u00e3o [&hellip;]<\/p>\n","protected":false},"author":2,"featured_media":6131,"comment_status":"open","ping_status":"open","sticky":false,"template":"","format":"standard","meta":[],"categories":[4,1],"tags":[],"_links":{"self":[{"href":"https:\/\/dgospel.com.br\/portal\/index.php\/wp-json\/wp\/v2\/posts\/6130"}],"collection":[{"href":"https:\/\/dgospel.com.br\/portal\/index.php\/wp-json\/wp\/v2\/posts"}],"about":[{"href":"https:\/\/dgospel.com.br\/portal\/index.php\/wp-json\/wp\/v2\/types\/post"}],"author":[{"embeddable":true,"href":"https:\/\/dgospel.com.br\/portal\/index.php\/wp-json\/wp\/v2\/users\/2"}],"replies":[{"embeddable":true,"href":"https:\/\/dgospel.com.br\/portal\/index.php\/wp-json\/wp\/v2\/comments?post=6130"}],"version-history":[{"count":1,"href":"https:\/\/dgospel.com.br\/portal\/index.php\/wp-json\/wp\/v2\/posts\/6130\/revisions"}],"predecessor-version":[{"id":6132,"href":"https:\/\/dgospel.com.br\/portal\/index.php\/wp-json\/wp\/v2\/posts\/6130\/revisions\/6132"}],"wp:featuredmedia":[{"embeddable":true,"href":"https:\/\/dgospel.com.br\/portal\/index.php\/wp-json\/wp\/v2\/media\/6131"}],"wp:attachment":[{"href":"https:\/\/dgospel.com.br\/portal\/index.php\/wp-json\/wp\/v2\/media?parent=6130"}],"wp:term":[{"taxonomy":"category","embeddable":true,"href":"https:\/\/dgospel.com.br\/portal\/index.php\/wp-json\/wp\/v2\/categories?post=6130"},{"taxonomy":"post_tag","embeddable":true,"href":"https:\/\/dgospel.com.br\/portal\/index.php\/wp-json\/wp\/v2\/tags?post=6130"}],"curies":[{"name":"wp","href":"https:\/\/api.w.org\/{rel}","templated":true}]}}