{"id":6133,"date":"2020-07-10T09:57:59","date_gmt":"2020-07-10T12:57:59","guid":{"rendered":"http:\/\/dgospel.com.br\/portal\/?p=6133"},"modified":"2020-07-18T17:12:33","modified_gmt":"2020-07-18T20:12:33","slug":"medico-recuperado-da-covid-19-se-ajoelha-em-frente-a-hospital-para-agradecer-a-deus","status":"publish","type":"post","link":"https:\/\/dgospel.com.br\/portal\/index.php\/2020\/07\/10\/medico-recuperado-da-covid-19-se-ajoelha-em-frente-a-hospital-para-agradecer-a-deus\/","title":{"rendered":"M\u00e9dico recuperado da Covid-19 se ajoelha em frente a hospital para agradecer a Deus"},"content":{"rendered":"\n<p>Emocionado, o neurologista Moises Oliveira Lara se ajoelhou e agradeceu a Deus ao receber alta hospitalar, ap\u00f3s se recuperar da Covid-19, em Piracicaba (SP). Profissional da Santa Casa da cidade, onde foi tratado, ele relatou que a doen\u00e7a evoluiu de uma dor de cabe\u00e7a a falta de ar intensa e atribuiu \u00e0 f\u00e9 sua for\u00e7a para vencer o v\u00edrus.<\/p>\n\n\n\n<p>Numa sexta-feira, ele acordou com a dor de cabe\u00e7a e os sintomas foram progredindo ao longo do dia. \u201cPercebi que algo estava errado quando fui comer uma fruta e n\u00e3o senti o gosto, o cheiro tamb\u00e9m havia mudado. Paralelo a isso a dor de cabe\u00e7a ficava insuport\u00e1vel, dor terr\u00edvel tamb\u00e9m em todas as partes do corpo, meu f\u00f4lego foi ficando curto, minha respira\u00e7\u00e3o mudou\u201d, detalha.<\/p>\n\n\n\n<p>Quatro dias ap\u00f3s iniciar isolamento social, ele diz que se sentia como um &#8220;trapo&#8221; e decidiu pedir ajuda, sendo internado.<\/p>\n\n\n\n<p>A tens\u00e3o e o nervosismo de Mois\u00e9s foram intensos por j\u00e1 conhecer os passos t\u00e9cnicos. Ele sabia de tudo que estava acontecendo com o seu corpo, o que lhe deixou apavorado.<\/p>\n\n\n\n<p>\u201cEstava com muito medo de n\u00e3o conseguir resistir, j\u00e1 me enxergava indo para a tomografia, para respira\u00e7\u00e3o artificial [&#8230;] Foram momentos terr\u00edveis, por que a parte de conhecimento cient\u00edfico me tornou muito mais fr\u00e1gil\u201d, ressaltou, observando que sua f\u00e9 lhe deu for\u00e7as naquele momento.<\/p>\n\n\n\n<p><strong>Fim da dor ao respirar<\/strong><\/p>\n\n\n\n<ol><li>Mois\u00e9s recebeu alta na \u00faltima segunda-feira (6) \u00e0 noite para terminar o tratamento em casa, em isolamento. Na manh\u00e3 desta quarta-feira (8), ele informou que n\u00e3o sentia mais dor ao respirar e que sua melhora evolui diariamente.<\/li><\/ol>\n\n\n\n<p>&#8220;Vou procurar honrar toda essa b\u00ean\u00e7\u00e3o, toda essa gra\u00e7a, com muito mais energia, aten\u00e7\u00e3o, carinho e com muito mais amor \u00e0 vida, \u00e0 Santa Casa, aos pacientes, aos amigos. Tudo, a partir deste epis\u00f3dio ganhou uma nova dimens\u00e3o em minha vida&#8221;, revela.<\/p>\n\n\n\n<p><strong>Fonte: Guiame \/ com informa\u00e7\u00f5es G1 \/ Foto: Divulga\u00e7\u00e3o \/ Santa Casa de Piracicaba<\/strong><\/p>\n","protected":false},"excerpt":{"rendered":"<p>Emocionado, o neurologista Moises Oliveira Lara se ajoelhou e agradeceu a Deus ao receber alta hospitalar, ap\u00f3s se recuperar da Covid-19, em Piracicaba (SP). Profissional da Santa Casa da cidade, onde foi tratado, ele relatou que a doen\u00e7a evoluiu de uma dor de cabe\u00e7a a falta de ar intensa e atribuiu \u00e0 f\u00e9 sua for\u00e7a [&hellip;]<\/p>\n","protected":false},"author":2,"featured_media":6134,"comment_status":"open","ping_status":"open","sticky":false,"template":"","format":"standard","meta":[],"categories":[5,6],"tags":[14],"_links":{"self":[{"href":"https:\/\/dgospel.com.br\/portal\/index.php\/wp-json\/wp\/v2\/posts\/6133"}],"collection":[{"href":"https:\/\/dgospel.com.br\/portal\/index.php\/wp-json\/wp\/v2\/posts"}],"about":[{"href":"https:\/\/dgospel.com.br\/portal\/index.php\/wp-json\/wp\/v2\/types\/post"}],"author":[{"embeddable":true,"href":"https:\/\/dgospel.com.br\/portal\/index.php\/wp-json\/wp\/v2\/users\/2"}],"replies":[{"embeddable":true,"href":"https:\/\/dgospel.com.br\/portal\/index.php\/wp-json\/wp\/v2\/comments?post=6133"}],"version-history":[{"count":1,"href":"https:\/\/dgospel.com.br\/portal\/index.php\/wp-json\/wp\/v2\/posts\/6133\/revisions"}],"predecessor-version":[{"id":6135,"href":"https:\/\/dgospel.com.br\/portal\/index.php\/wp-json\/wp\/v2\/posts\/6133\/revisions\/6135"}],"wp:featuredmedia":[{"embeddable":true,"href":"https:\/\/dgospel.com.br\/portal\/index.php\/wp-json\/wp\/v2\/media\/6134"}],"wp:attachment":[{"href":"https:\/\/dgospel.com.br\/portal\/index.php\/wp-json\/wp\/v2\/media?parent=6133"}],"wp:term":[{"taxonomy":"category","embeddable":true,"href":"https:\/\/dgospel.com.br\/portal\/index.php\/wp-json\/wp\/v2\/categories?post=6133"},{"taxonomy":"post_tag","embeddable":true,"href":"https:\/\/dgospel.com.br\/portal\/index.php\/wp-json\/wp\/v2\/tags?post=6133"}],"curies":[{"name":"wp","href":"https:\/\/api.w.org\/{rel}","templated":true}]}}